{"id":10083,"date":"2021-05-17T08:59:42","date_gmt":"2021-05-17T06:59:42","guid":{"rendered":"https:\/\/www.sade-cgth.fr\/?p=10083"},"modified":"2021-05-17T08:59:42","modified_gmt":"2021-05-17T06:59:42","slug":"sade-conoce-muy-bien-a-los-industriales-portugueses","status":"publish","type":"post","link":"https:\/\/www.sade-cgth.fr\/es\/blog\/geographie-es\/europe-es\/sade-conoce-muy-bien-a-los-industriales-portugueses\/","title":{"rendered":"SADE conoce muy bien a los industriales portugueses&#8230;"},"content":{"rendered":"<div class=\"wpb-content-wrapper\"><p>[vc_row][vc_column width=\u00bb2\/3&#8243;][vc_column_text css=\u00bb.vc_custom_1621234727260{margin-right: 20px !important;}\u00bb]<span style=\"color: #999999\"><strong>\u00bfSab\u00eda que SADE Portugal se cre\u00f3 para satisfacer las necesidades de un cliente industrial?<\/strong><\/span><\/p>\n<p>En 1998, la empresa qu\u00edmica Borealis buscaba una empresa capaz de llevar a cabo una operaci\u00f3n de swage lining (antigua denominaci\u00f3n de la actual TubOcontact) para su planta de Sines. La divisi\u00f3n de trabajos especiales de SADE llev\u00f3 a cabo con \u00e9xito esta operaci\u00f3n. Fue el inicio de una relaci\u00f3n que condujo en los meses siguientes a la creaci\u00f3n de una sucursal de SADE en Portugal.<\/p>\n<h2>SADE Portugal y REPSOL<\/h2>\n<p>A partir de 1999, la entidad portuguesa reforz\u00f3 su relaci\u00f3n con este cliente. Y cuando en 2002 Borealis pas\u00f3 a formar parte de REPSOL, SADE continu\u00f3 prestando sus servicios: obras de rehabilitaci\u00f3n (en particular, redes contra incendios) y de \u00edndole diversa (incluida la limpieza industrial).<br \/>\nEn la actualidad, la relaci\u00f3n comercial con REPSOL sigue siendo estrecha. SADE despliega todas sus competencias para esta empresa industrial con contratos plurianuales formalizados desde 2011, en el \u00e1mbito de la limpieza industrial y otras actividades conexas (rehabilitaci\u00f3n de redes de saneamiento y pluviales, rehabilitaci\u00f3n de reservorios, instalaci\u00f3n de geomembranas, descontaminaci\u00f3n puntual de suelos, etc.).<br \/>\nComo todos los industriales, REPSOL requiere un alt\u00edsimo nivel de seguridad en su planta de Sines. Prueba de ello es la prohibici\u00f3n de llevar monos con bolsillos, la instalaci\u00f3n obligatoria de un vig\u00eda para cualquier equipo de m\u00e1s de dos personas, y la futura prohibici\u00f3n de desplazarse en bicicleta por el recinto, \u00a1que ser\u00e1 sustituida por un triciclo!<\/p>\n<h2>\u00bfC\u00f3mo va SADE Portugal con la diversificaci\u00f3n?<\/h2>\n<p>Paralelamente a su implantaci\u00f3n en REPSOL, SADE Portugal ha desplegado las mismas competencias para GALP Energia, una empresa petrolera portuguesa.<br \/>\nM\u00e1s recientemente, en diciembre de 2017, SADE Portugal entr\u00f3 en HOVIONE, el mayor fabricante farmac\u00e9utico del pa\u00eds, que fabrica principios activos para medicamentos en su planta de Loures, a 20 km de Lisboa. En un terreno peque\u00f1o y muy denso, SADE fue elegida para construir una red de saneamiento, un reservorio de aguas pluviales y una estaci\u00f3n de bombeo de aguas residuales, as\u00ed como para efectuar obras de pavimentaci\u00f3n. Servicios prestados a satisfacci\u00f3n del cliente que, para hacer frente al aumento del volumen de negocios, tiene previsto construir una nueva f\u00e1brica en un terreno m\u00e1s grande en Seixal. Se trata de una interesante oportunidad para SADE Portugal, que espera formar parte del proyecto.[\/vc_column_text][vc_message style=\u00bbsquare\u00bb message_box_color=\u00bbwhite\u00bb icon_type=\u00bbentypo\u00bb css=\u00bb.vc_custom_1621234745790{margin-top: 20px !important;margin-right: 40px !important;background-color: #008bcb !important;}\u00bb icon_entypo=\u00bbentypo-icon entypo-icon-info-circled\u00bb]<span style=\"color: #ffffff\"><strong>Una particularidad<\/strong><\/span><\/p>\n<p><span style=\"color: #ffffff\">SADE Portugal tiene su propia sede en el recinto de REPSOL en Sines. All\u00ed 15 empleados prestan un servicio de guardia durante todo el a\u00f1o para posibles intervenciones de emergencia.<\/span>[\/vc_message][\/vc_column][vc_column width=\u00bb1\/3&#8243;][vc_message style=\u00bbsquare\u00bb message_box_color=\u00bbwhite\u00bb icon_type=\u00bbentypo\u00bb css=\u00bb.vc_custom_1621234779943{background-color: #008bcb !important;}\u00bb icon_entypo=\u00bbentypo-icon entypo-icon-info-circled\u00bb]<span style=\"color: #ffffff\"><b>Actualmente para REPSOL<\/b><\/span><\/p>\n<ul>\n<li style=\"font-weight: 400\"><span style=\"font-weight: 400;color: #ffffff\">Una operaci\u00f3n de revestimiento UV (\u00d8 800) a lo largo de casi 1 km, a profundidades imponentes (6-7 m) e inusuales en un emplazamiento industrial, lo que exige exhaustivos trabajos de preparaci\u00f3n en particular para acceder a los pozos;<\/span><\/li>\n<li style=\"font-weight: 400\"><span style=\"font-weight: 400;color: #ffffff\">La rehabilitaci\u00f3n mediante entubado de un tramo de la red de incendios (\u00d8 400).<\/span><\/li>\n<\/ul>\n<p>[\/vc_message][vc_images_carousel images=\u00bb10088,10091,10094,10097,10100&#8243; img_size=\u00bbfull\u00bb speed=\u00bb3000&#8243; autoplay=\u00bbyes\u00bb wrap=\u00bbyes\u00bb css=\u00bb.vc_custom_1619782587823{margin-top: 20px !important;}\u00bb][\/vc_column][\/vc_row][vc_row][vc_column width=\u00bb2\/3&#8243; css=\u00bb.vc_custom_1598363171973{margin-top: 20px !important;}\u00bb][\/vc_column][vc_column width=\u00bb1\/3&#8243;][\/vc_column][\/vc_row]<\/p>\n<!-- WPMSNGI:: This input got made by wpms-network-global-inserts It is a WordPress Plugin, you will find your Plugins @ www.wordpress.org ... Information about the Plugin you will find @ www.ruben-storm.de Thank you for using this Plungin--><\/div>","protected":false},"excerpt":{"rendered":"[vc_row][vc_column width=\u00bb2\/3&#8243;][vc_column_text css=\u00bb.vc_custom_1621234727260{margin-right: 20px !important;}\u00bb]\u00bfSab\u00eda que SADE Portugal se cre\u00f3 para satisfacer las necesidades de un cliente industrial? En 1998, la empresa qu\u00edmica Borealis buscaba una empresa capaz de llevar a cabo una operaci\u00f3n de swage lining (antigua denominaci\u00f3n de la actual TubOcontact) para su planta de Sines. La divisi\u00f3n de trabajos especiales de SADE llev\u00f3 a cabo con \u00e9xito esta operaci\u00f3n. Fue el inicio de una relaci\u00f3n que condujo en los meses siguientes a la creaci\u00f3n de una sucursal de SADE en Portugal. SADE Portugal y REPSOL A partir de 1999, la entidad portuguesa reforz\u00f3 su relaci\u00f3n con este&#8230; <div class=\"liresuite\"><a class=\"view-article\" href=\"https:\/\/www.sade-cgth.fr\/es\/blog\/geographie-es\/europe-es\/sade-conoce-muy-bien-a-los-industriales-portugueses\/\">+<\/a><\/div>","protected":false},"author":8,"featured_media":10086,"comment_status":"closed","ping_status":"closed","sticky":false,"template":"","format":"standard","meta":{"footnotes":""},"categories":[62],"tags":[106],"class_list":["post-10083","post","type-post","status-publish","format-standard","has-post-thumbnail","hentry","category-europe-es","tag-portugal-es"],"yoast_head":"<!-- This site is optimized with the Yoast SEO plugin v24.6 - https:\/\/yoast.com\/wordpress\/plugins\/seo\/ -->\n<title>SADE conoce muy bien a los industriales portugueses... - SADE<\/title>\n<meta name=\"robots\" content=\"index, follow, max-snippet:-1, max-image-preview:large, max-video-preview:-1\" \/>\n<link rel=\"canonical\" href=\"https:\/\/www.sade-cgth.fr\/es\/blog\/geographie-es\/europe-es\/sade-conoce-muy-bien-a-los-industriales-portugueses\/\" \/>\n<meta property=\"og:locale\" content=\"es_ES\" \/>\n<meta property=\"og:type\" content=\"article\" \/>\n<meta property=\"og:title\" content=\"SADE conoce muy bien a los industriales portugueses... - SADE\" \/>\n<meta property=\"og:description\" content=\"[vc_row][vc_column width=\u00bb2\/3&#8243;][vc_column_text css=\u00bb.vc_custom_1621234727260{margin-right: 20px !important;}\u00bb]\u00bfSab\u00eda que SADE Portugal se cre\u00f3 para satisfacer las necesidades de un cliente industrial? En 1998, la empresa qu\u00edmica Borealis buscaba una empresa capaz de llevar a cabo una operaci\u00f3n de swage lining (antigua denominaci\u00f3n de la actual TubOcontact) para su planta de Sines. La divisi\u00f3n de trabajos especiales de SADE llev\u00f3 a cabo con \u00e9xito esta operaci\u00f3n. Fue el inicio de una relaci\u00f3n que condujo en los meses siguientes a la creaci\u00f3n de una sucursal de SADE en Portugal. SADE Portugal y REPSOL A partir de 1999, la entidad portuguesa reforz\u00f3 su relaci\u00f3n con este... +\" \/>\n<meta property=\"og:url\" content=\"https:\/\/www.sade-cgth.fr\/es\/blog\/geographie-es\/europe-es\/sade-conoce-muy-bien-a-los-industriales-portugueses\/\" \/>\n<meta property=\"og:site_name\" content=\"SADE\" \/>\n<meta property=\"article:published_time\" content=\"2021-05-17T06:59:42+00:00\" \/>\n<meta property=\"og:image\" content=\"https:\/\/www.sade-cgth.fr\/wp-content\/uploads\/2021\/04\/actu-couv-unnamed-1.jpg\" \/>\n\t<meta property=\"og:image:width\" content=\"1920\" \/>\n\t<meta property=\"og:image:height\" content=\"1080\" \/>\n\t<meta property=\"og:image:type\" content=\"image\/jpeg\" \/>\n<meta name=\"author\" content=\"laurieann\" \/>\n<meta name=\"twitter:card\" content=\"summary_large_image\" \/>\n<meta name=\"twitter:creator\" content=\"@sadecgth\" \/>\n<meta name=\"twitter:site\" content=\"@sadecgth\" \/>\n<meta name=\"twitter:label1\" content=\"Escrito por\" \/>\n\t<meta name=\"twitter:data1\" content=\"laurieann\" \/>\n\t<meta name=\"twitter:label2\" content=\"Tiempo de lectura\" \/>\n\t<meta name=\"twitter:data2\" content=\"3 minutos\" \/>\n<script type=\"application\/ld+json\" class=\"yoast-schema-graph\">{\"@context\":\"https:\/\/schema.org\",\"@graph\":[{\"@type\":\"Article\",\"@id\":\"https:\/\/www.sade-cgth.fr\/es\/blog\/geographie-es\/europe-es\/sade-conoce-muy-bien-a-los-industriales-portugueses\/#article\",\"isPartOf\":{\"@id\":\"https:\/\/www.sade-cgth.fr\/es\/blog\/geographie-es\/europe-es\/sade-conoce-muy-bien-a-los-industriales-portugueses\/\"},\"author\":{\"name\":\"laurieann\",\"@id\":\"https:\/\/www.sade-cgth.fr\/#\/schema\/person\/16b4998c2e208c46702b7f17ebd5c6c6\"},\"headline\":\"SADE conoce muy bien a los industriales portugueses&#8230;\",\"datePublished\":\"2021-05-17T06:59:42+00:00\",\"mainEntityOfPage\":{\"@id\":\"https:\/\/www.sade-cgth.fr\/es\/blog\/geographie-es\/europe-es\/sade-conoce-muy-bien-a-los-industriales-portugueses\/\"},\"wordCount\":619,\"publisher\":{\"@id\":\"https:\/\/www.sade-cgth.fr\/#organization\"},\"image\":{\"@id\":\"https:\/\/www.sade-cgth.fr\/es\/blog\/geographie-es\/europe-es\/sade-conoce-muy-bien-a-los-industriales-portugueses\/#primaryimage\"},\"thumbnailUrl\":\"https:\/\/www.sade-cgth.fr\/wp-content\/uploads\/2021\/04\/actu-couv-unnamed-1.jpg\",\"keywords\":[\"Portugal\"],\"articleSection\":[\"Europa\"],\"inLanguage\":\"es\"},{\"@type\":\"WebPage\",\"@id\":\"https:\/\/www.sade-cgth.fr\/es\/blog\/geographie-es\/europe-es\/sade-conoce-muy-bien-a-los-industriales-portugueses\/\",\"url\":\"https:\/\/www.sade-cgth.fr\/es\/blog\/geographie-es\/europe-es\/sade-conoce-muy-bien-a-los-industriales-portugueses\/\",\"name\":\"SADE conoce muy bien a los industriales portugueses... - SADE\",\"isPartOf\":{\"@id\":\"https:\/\/www.sade-cgth.fr\/#website\"},\"primaryImageOfPage\":{\"@id\":\"https:\/\/www.sade-cgth.fr\/es\/blog\/geographie-es\/europe-es\/sade-conoce-muy-bien-a-los-industriales-portugueses\/#primaryimage\"},\"image\":{\"@id\":\"https:\/\/www.sade-cgth.fr\/es\/blog\/geographie-es\/europe-es\/sade-conoce-muy-bien-a-los-industriales-portugueses\/#primaryimage\"},\"thumbnailUrl\":\"https:\/\/www.sade-cgth.fr\/wp-content\/uploads\/2021\/04\/actu-couv-unnamed-1.jpg\",\"datePublished\":\"2021-05-17T06:59:42+00:00\",\"breadcrumb\":{\"@id\":\"https:\/\/www.sade-cgth.fr\/es\/blog\/geographie-es\/europe-es\/sade-conoce-muy-bien-a-los-industriales-portugueses\/#breadcrumb\"},\"inLanguage\":\"es\",\"potentialAction\":[{\"@type\":\"ReadAction\",\"target\":[\"https:\/\/www.sade-cgth.fr\/es\/blog\/geographie-es\/europe-es\/sade-conoce-muy-bien-a-los-industriales-portugueses\/\"]}]},{\"@type\":\"ImageObject\",\"inLanguage\":\"es\",\"@id\":\"https:\/\/www.sade-cgth.fr\/es\/blog\/geographie-es\/europe-es\/sade-conoce-muy-bien-a-los-industriales-portugueses\/#primaryimage\",\"url\":\"https:\/\/www.sade-cgth.fr\/wp-content\/uploads\/2021\/04\/actu-couv-unnamed-1.jpg\",\"contentUrl\":\"https:\/\/www.sade-cgth.fr\/wp-content\/uploads\/2021\/04\/actu-couv-unnamed-1.jpg\",\"width\":1920,\"height\":1080},{\"@type\":\"BreadcrumbList\",\"@id\":\"https:\/\/www.sade-cgth.fr\/es\/blog\/geographie-es\/europe-es\/sade-conoce-muy-bien-a-los-industriales-portugueses\/#breadcrumb\",\"itemListElement\":[{\"@type\":\"ListItem\",\"position\":1,\"name\":\"Accueil\",\"item\":\"https:\/\/www.sade-cgth.fr\/es\/\"},{\"@type\":\"ListItem\",\"position\":2,\"name\":\"SADE conoce muy bien a los industriales portugueses&#8230;\"}]},{\"@type\":\"WebSite\",\"@id\":\"https:\/\/www.sade-cgth.fr\/#website\",\"url\":\"https:\/\/www.sade-cgth.fr\/\",\"name\":\"SADE\",\"description\":\"\",\"publisher\":{\"@id\":\"https:\/\/www.sade-cgth.fr\/#organization\"},\"potentialAction\":[{\"@type\":\"SearchAction\",\"target\":{\"@type\":\"EntryPoint\",\"urlTemplate\":\"https:\/\/www.sade-cgth.fr\/?s={search_term_string}\"},\"query-input\":{\"@type\":\"PropertyValueSpecification\",\"valueRequired\":true,\"valueName\":\"search_term_string\"}}],\"inLanguage\":\"es\"},{\"@type\":\"Organization\",\"@id\":\"https:\/\/www.sade-cgth.fr\/#organization\",\"name\":\"La SADE\",\"url\":\"https:\/\/www.sade-cgth.fr\/\",\"logo\":{\"@type\":\"ImageObject\",\"inLanguage\":\"es\",\"@id\":\"https:\/\/www.sade-cgth.fr\/#\/schema\/logo\/image\/\",\"url\":\"https:\/\/www.sade-cgth.fr\/wp-content\/uploads\/2020\/06\/logo-la-sade.png\",\"contentUrl\":\"https:\/\/www.sade-cgth.fr\/wp-content\/uploads\/2020\/06\/logo-la-sade.png\",\"width\":330,\"height\":144,\"caption\":\"La SADE\"},\"image\":{\"@id\":\"https:\/\/www.sade-cgth.fr\/#\/schema\/logo\/image\/\"},\"sameAs\":[\"https:\/\/x.com\/sadecgth\",\"https:\/\/www.instagram.com\/sadecgth\",\"https:\/\/fr.linkedin.com\/company\/sade\",\"https:\/\/www.youtube.com\/channel\/UCt0AEHEpfgRE3pADxCZvXnQ\"]},{\"@type\":\"Person\",\"@id\":\"https:\/\/www.sade-cgth.fr\/#\/schema\/person\/16b4998c2e208c46702b7f17ebd5c6c6\",\"name\":\"laurieann\",\"image\":{\"@type\":\"ImageObject\",\"inLanguage\":\"es\",\"@id\":\"https:\/\/www.sade-cgth.fr\/#\/schema\/person\/image\/\",\"url\":\"https:\/\/secure.gravatar.com\/avatar\/c41d79d750f20704fe4ab5051a7097db?s=96&d=mm&r=g\",\"contentUrl\":\"https:\/\/secure.gravatar.com\/avatar\/c41d79d750f20704fe4ab5051a7097db?s=96&d=mm&r=g\",\"caption\":\"laurieann\"}}]}<\/script>\n<!-- \/ Yoast SEO plugin. -->","yoast_head_json":{"title":"SADE conoce muy bien a los industriales portugueses... - SADE","robots":{"index":"index","follow":"follow","max-snippet":"max-snippet:-1","max-image-preview":"max-image-preview:large","max-video-preview":"max-video-preview:-1"},"canonical":"https:\/\/www.sade-cgth.fr\/es\/blog\/geographie-es\/europe-es\/sade-conoce-muy-bien-a-los-industriales-portugueses\/","og_locale":"es_ES","og_type":"article","og_title":"SADE conoce muy bien a los industriales portugueses... - SADE","og_description":"[vc_row][vc_column width=\u00bb2\/3&#8243;][vc_column_text css=\u00bb.vc_custom_1621234727260{margin-right: 20px !important;}\u00bb]\u00bfSab\u00eda que SADE Portugal se cre\u00f3 para satisfacer las necesidades de un cliente industrial? En 1998, la empresa qu\u00edmica Borealis buscaba una empresa capaz de llevar a cabo una operaci\u00f3n de swage lining (antigua denominaci\u00f3n de la actual TubOcontact) para su planta de Sines. La divisi\u00f3n de trabajos especiales de SADE llev\u00f3 a cabo con \u00e9xito esta operaci\u00f3n. Fue el inicio de una relaci\u00f3n que condujo en los meses siguientes a la creaci\u00f3n de una sucursal de SADE en Portugal. SADE Portugal y REPSOL A partir de 1999, la entidad portuguesa reforz\u00f3 su relaci\u00f3n con este... +","og_url":"https:\/\/www.sade-cgth.fr\/es\/blog\/geographie-es\/europe-es\/sade-conoce-muy-bien-a-los-industriales-portugueses\/","og_site_name":"SADE","article_published_time":"2021-05-17T06:59:42+00:00","og_image":[{"width":1920,"height":1080,"url":"https:\/\/www.sade-cgth.fr\/wp-content\/uploads\/2021\/04\/actu-couv-unnamed-1.jpg","type":"image\/jpeg"}],"author":"laurieann","twitter_card":"summary_large_image","twitter_creator":"@sadecgth","twitter_site":"@sadecgth","twitter_misc":{"Escrito por":"laurieann","Tiempo de lectura":"3 minutos"},"schema":{"@context":"https:\/\/schema.org","@graph":[{"@type":"Article","@id":"https:\/\/www.sade-cgth.fr\/es\/blog\/geographie-es\/europe-es\/sade-conoce-muy-bien-a-los-industriales-portugueses\/#article","isPartOf":{"@id":"https:\/\/www.sade-cgth.fr\/es\/blog\/geographie-es\/europe-es\/sade-conoce-muy-bien-a-los-industriales-portugueses\/"},"author":{"name":"laurieann","@id":"https:\/\/www.sade-cgth.fr\/#\/schema\/person\/16b4998c2e208c46702b7f17ebd5c6c6"},"headline":"SADE conoce muy bien a los industriales portugueses&#8230;","datePublished":"2021-05-17T06:59:42+00:00","mainEntityOfPage":{"@id":"https:\/\/www.sade-cgth.fr\/es\/blog\/geographie-es\/europe-es\/sade-conoce-muy-bien-a-los-industriales-portugueses\/"},"wordCount":619,"publisher":{"@id":"https:\/\/www.sade-cgth.fr\/#organization"},"image":{"@id":"https:\/\/www.sade-cgth.fr\/es\/blog\/geographie-es\/europe-es\/sade-conoce-muy-bien-a-los-industriales-portugueses\/#primaryimage"},"thumbnailUrl":"https:\/\/www.sade-cgth.fr\/wp-content\/uploads\/2021\/04\/actu-couv-unnamed-1.jpg","keywords":["Portugal"],"articleSection":["Europa"],"inLanguage":"es"},{"@type":"WebPage","@id":"https:\/\/www.sade-cgth.fr\/es\/blog\/geographie-es\/europe-es\/sade-conoce-muy-bien-a-los-industriales-portugueses\/","url":"https:\/\/www.sade-cgth.fr\/es\/blog\/geographie-es\/europe-es\/sade-conoce-muy-bien-a-los-industriales-portugueses\/","name":"SADE conoce muy bien a los industriales portugueses... - SADE","isPartOf":{"@id":"https:\/\/www.sade-cgth.fr\/#website"},"primaryImageOfPage":{"@id":"https:\/\/www.sade-cgth.fr\/es\/blog\/geographie-es\/europe-es\/sade-conoce-muy-bien-a-los-industriales-portugueses\/#primaryimage"},"image":{"@id":"https:\/\/www.sade-cgth.fr\/es\/blog\/geographie-es\/europe-es\/sade-conoce-muy-bien-a-los-industriales-portugueses\/#primaryimage"},"thumbnailUrl":"https:\/\/www.sade-cgth.fr\/wp-content\/uploads\/2021\/04\/actu-couv-unnamed-1.jpg","datePublished":"2021-05-17T06:59:42+00:00","breadcrumb":{"@id":"https:\/\/www.sade-cgth.fr\/es\/blog\/geographie-es\/europe-es\/sade-conoce-muy-bien-a-los-industriales-portugueses\/#breadcrumb"},"inLanguage":"es","potentialAction":[{"@type":"ReadAction","target":["https:\/\/www.sade-cgth.fr\/es\/blog\/geographie-es\/europe-es\/sade-conoce-muy-bien-a-los-industriales-portugueses\/"]}]},{"@type":"ImageObject","inLanguage":"es","@id":"https:\/\/www.sade-cgth.fr\/es\/blog\/geographie-es\/europe-es\/sade-conoce-muy-bien-a-los-industriales-portugueses\/#primaryimage","url":"https:\/\/www.sade-cgth.fr\/wp-content\/uploads\/2021\/04\/actu-couv-unnamed-1.jpg","contentUrl":"https:\/\/www.sade-cgth.fr\/wp-content\/uploads\/2021\/04\/actu-couv-unnamed-1.jpg","width":1920,"height":1080},{"@type":"BreadcrumbList","@id":"https:\/\/www.sade-cgth.fr\/es\/blog\/geographie-es\/europe-es\/sade-conoce-muy-bien-a-los-industriales-portugueses\/#breadcrumb","itemListElement":[{"@type":"ListItem","position":1,"name":"Accueil","item":"https:\/\/www.sade-cgth.fr\/es\/"},{"@type":"ListItem","position":2,"name":"SADE conoce muy bien a los industriales portugueses&#8230;"}]},{"@type":"WebSite","@id":"https:\/\/www.sade-cgth.fr\/#website","url":"https:\/\/www.sade-cgth.fr\/","name":"SADE","description":"","publisher":{"@id":"https:\/\/www.sade-cgth.fr\/#organization"},"potentialAction":[{"@type":"SearchAction","target":{"@type":"EntryPoint","urlTemplate":"https:\/\/www.sade-cgth.fr\/?s={search_term_string}"},"query-input":{"@type":"PropertyValueSpecification","valueRequired":true,"valueName":"search_term_string"}}],"inLanguage":"es"},{"@type":"Organization","@id":"https:\/\/www.sade-cgth.fr\/#organization","name":"La SADE","url":"https:\/\/www.sade-cgth.fr\/","logo":{"@type":"ImageObject","inLanguage":"es","@id":"https:\/\/www.sade-cgth.fr\/#\/schema\/logo\/image\/","url":"https:\/\/www.sade-cgth.fr\/wp-content\/uploads\/2020\/06\/logo-la-sade.png","contentUrl":"https:\/\/www.sade-cgth.fr\/wp-content\/uploads\/2020\/06\/logo-la-sade.png","width":330,"height":144,"caption":"La SADE"},"image":{"@id":"https:\/\/www.sade-cgth.fr\/#\/schema\/logo\/image\/"},"sameAs":["https:\/\/x.com\/sadecgth","https:\/\/www.instagram.com\/sadecgth","https:\/\/fr.linkedin.com\/company\/sade","https:\/\/www.youtube.com\/channel\/UCt0AEHEpfgRE3pADxCZvXnQ"]},{"@type":"Person","@id":"https:\/\/www.sade-cgth.fr\/#\/schema\/person\/16b4998c2e208c46702b7f17ebd5c6c6","name":"laurieann","image":{"@type":"ImageObject","inLanguage":"es","@id":"https:\/\/www.sade-cgth.fr\/#\/schema\/person\/image\/","url":"https:\/\/secure.gravatar.com\/avatar\/c41d79d750f20704fe4ab5051a7097db?s=96&d=mm&r=g","contentUrl":"https:\/\/secure.gravatar.com\/avatar\/c41d79d750f20704fe4ab5051a7097db?s=96&d=mm&r=g","caption":"laurieann"}}]}},"_links":{"self":[{"href":"https:\/\/www.sade-cgth.fr\/es\/wp-json\/wp\/v2\/posts\/10083"}],"collection":[{"href":"https:\/\/www.sade-cgth.fr\/es\/wp-json\/wp\/v2\/posts"}],"about":[{"href":"https:\/\/www.sade-cgth.fr\/es\/wp-json\/wp\/v2\/types\/post"}],"author":[{"embeddable":true,"href":"https:\/\/www.sade-cgth.fr\/es\/wp-json\/wp\/v2\/users\/8"}],"replies":[{"embeddable":true,"href":"https:\/\/www.sade-cgth.fr\/es\/wp-json\/wp\/v2\/comments?post=10083"}],"version-history":[{"count":0,"href":"https:\/\/www.sade-cgth.fr\/es\/wp-json\/wp\/v2\/posts\/10083\/revisions"}],"wp:featuredmedia":[{"embeddable":true,"href":"https:\/\/www.sade-cgth.fr\/es\/wp-json\/wp\/v2\/media\/10086"}],"wp:attachment":[{"href":"https:\/\/www.sade-cgth.fr\/es\/wp-json\/wp\/v2\/media?parent=10083"}],"wp:term":[{"taxonomy":"category","embeddable":true,"href":"https:\/\/www.sade-cgth.fr\/es\/wp-json\/wp\/v2\/categories?post=10083"},{"taxonomy":"post_tag","embeddable":true,"href":"https:\/\/www.sade-cgth.fr\/es\/wp-json\/wp\/v2\/tags?post=10083"}],"curies":[{"name":"wp","href":"https:\/\/api.w.org\/{rel}","templated":true}]}}