{"id":10318,"date":"2020-03-23T09:54:32","date_gmt":"2020-03-23T08:54:32","guid":{"rendered":"https:\/\/www.sade-cgth.fr\/?p=10318"},"modified":"2021-05-27T14:27:09","modified_gmt":"2021-05-27T12:27:09","slug":"se-mantiene-la-actividad","status":"publish","type":"post","link":"https:\/\/www.sade-cgth.fr\/es\/blog\/geographie-es\/europe-es\/se-mantiene-la-actividad\/","title":{"rendered":"Se mantiene la actividad"},"content":{"rendered":"<div class=\"wpb-content-wrapper\"><p>[vc_row][vc_column width=\u00bb2\/3&#8243;][vc_column_text css=\u00bb.vc_custom_1621238068083{margin-right: 20px !important;}\u00bb]<span style=\"color: #999999;\"><strong>En Ecuador y, concretamente, en la ciudad de Guayaquil nuestros equipos de reparaci\u00f3n de fugas siguen trabajando pese al confinamiento general y el toque de queda&#8230;<\/strong><\/span><\/p>\n<p><span style=\"font-weight: 400;\">Con m\u00e1s de 500 casos de coronavirus en el pa\u00eds, el gobierno ecuatoriano declar\u00f3 el estado de emergencia en el pa\u00eds el 16 de marzo, imponiendo un confinamiento general, restricciones a la circulaci\u00f3n y un estricto toque de queda entre las 16:00 y las 8:00 horas. Se han lanzado adem\u00e1s campa\u00f1as informativas para sensibilizar a la poblaci\u00f3n.<\/span><\/p>\n<p><span style=\"font-weight: 400;\">Interagua (Veolia), que debe garantizar el servicio continuo de agua potable para la ciudad de Guayaquil, ha pedido a SADE que est\u00e9 m\u00e1s operativa que nunca en sus 2 contratos de mantenimiento en materia de agua potable y saneamiento.<\/span><\/p>\n<p><span style=\"font-weight: 400;\">As\u00ed pues, SADE Ecuador se ha organizado para responder a las expectativas de su cliente de forma eficaz y segura.\u00a0<\/span><\/p>\n<p><b>En un primer momento se decidi\u00f3 que los empleados administrativos, incluyendo RR.HH. Y contabilidad, teletrabajaran, mand\u00e1ndose tambi\u00e9n a casa a los trabajadores operativos de riesgo.<\/b><\/p>\n<p><b>A continuaci\u00f3n, se formaron equipos para actuar en caso de emergencia:<\/b><\/p>\n<ul>\n<li style=\"font-weight: 400;\"><span style=\"font-weight: 400;\">in situ: 1 ingeniero civil, 1 supervisor de obras, 1 coordinador SQE, 5 jefes de obra y 10 equipos de reparaci\u00f3n;<\/span><\/li>\n<li style=\"font-weight: 400;\"><span style=\"font-weight: 400;\">en la oficina para la recepci\u00f3n de \u00f3rdenes de trabajo, el seguimiento, los planos y la facturaci\u00f3n: 1 supervisor, 3 administrativos (registro de las \u00f3rdenes en el sistema), 1 dibujante CAD;<\/span><\/li>\n<li style=\"font-weight: 400;\"><span style=\"font-weight: 400;\">almac\u00e9n, compras y taller: 6 empleados.\u00a0<\/span><\/li>\n<\/ul>\n<p><b>A continuaci\u00f3n, se asignaron recursos materiales a estas intervenciones<\/b><span style=\"font-weight: 400;\">: 6 camiones plataforma 3T, 5 furgonetas, 4 palas mixtas, 5 veh\u00edculos ligeros, 4 volquetes.<\/span><\/p>\n<p><b>Tambi\u00e9n se adopt\u00f3 una organizaci\u00f3n espec\u00edfica<\/b><span style=\"font-weight: 400;\">\u00a0para garantizar la seguridad del personal: alquiler de 2 minibuses para el traslado de los empleados al inicio y al final de la jornada, identificaci\u00f3n de un proveedor para las comidas ante el cierre de los restaurantes habituales, compra de mascarillas, desinfecci\u00f3n peri\u00f3dica de los veh\u00edculos, control de temperatura de los trabajadores a cargo de un m\u00e9dico por la ma\u00f1ana y por la tarde.\u00a0<\/span><\/p>\n<p><span style=\"font-weight: 400;\">Por \u00faltimo, nuestros equipos cuentan con acreditaciones para poder intervenir en cualquier momento.<\/span><\/p>\n<p><span style=\"font-weight: 400;\">Siguen existiendo algunas dificultades, en particular el suministro de materiales de relleno, hormig\u00f3n y asfalto para la reposici\u00f3n de pavimentos. Deber\u00edan resolverse en los pr\u00f3ximos d\u00edas en coordinaci\u00f3n con el Ayuntamiento de Guayaquil, que podr\u00eda requisar una cantera para este fin.<\/span><\/p>\n<p>.[\/vc_column_text][\/vc_column][vc_column width=\u00bb1\/3&#8243;][vc_images_carousel images=\u00bb10323,10326,10329,10332&#8243; img_size=\u00bbfull\u00bb speed=\u00bb3000&#8243; autoplay=\u00bbyes\u00bb wrap=\u00bbyes\u00bb][vc_single_image image=\u00bb10320&#8243; img_size=\u00bbfull\u00bb css=\u00bb.vc_custom_1620215075662{margin-top: 20px !important;}\u00bb][\/vc_column][\/vc_row][vc_row][vc_column width=\u00bb2\/3&#8243; css=\u00bb.vc_custom_1598363171973{margin-top: 20px !important;}\u00bb][\/vc_column][vc_column width=\u00bb1\/3&#8243;][\/vc_column][\/vc_row]<\/p>\n<!-- WPMSNGI:: This input got made by wpms-network-global-inserts It is a WordPress Plugin, you will find your Plugins @ www.wordpress.org ... Information about the Plugin you will find @ www.ruben-storm.de Thank you for using this Plungin--><\/div>","protected":false},"excerpt":{"rendered":"[vc_row][vc_column width=\u00bb2\/3&#8243;][vc_column_text css=\u00bb.vc_custom_1621238068083{margin-right: 20px !important;}\u00bb]En Ecuador y, concretamente, en la ciudad de Guayaquil nuestros equipos de reparaci\u00f3n de fugas siguen trabajando pese al confinamiento general y el toque de queda&#8230; Con m\u00e1s de 500 casos de coronavirus en el pa\u00eds, el gobierno ecuatoriano declar\u00f3 el estado de emergencia en el pa\u00eds el 16 de marzo, imponiendo un confinamiento general, restricciones a la circulaci\u00f3n y un estricto toque de queda entre las 16:00 y las 8:00 horas. Se han lanzado adem\u00e1s campa\u00f1as informativas para sensibilizar a la poblaci\u00f3n. Interagua (Veolia), que debe garantizar el servicio continuo de agua potable para la&#8230; <div class=\"liresuite\"><a class=\"view-article\" href=\"https:\/\/www.sade-cgth.fr\/es\/blog\/geographie-es\/europe-es\/se-mantiene-la-actividad\/\">+<\/a><\/div>","protected":false},"author":8,"featured_media":10322,"comment_status":"closed","ping_status":"closed","sticky":false,"template":"","format":"standard","meta":{"footnotes":""},"categories":[62],"tags":[109],"class_list":["post-10318","post","type-post","status-publish","format-standard","has-post-thumbnail","hentry","category-europe-es","tag-equateur-es"],"yoast_head":"<!-- This site is optimized with the Yoast SEO plugin v24.6 - https:\/\/yoast.com\/wordpress\/plugins\/seo\/ -->\n<title>Se mantiene la actividad - SADE<\/title>\n<meta name=\"robots\" content=\"index, follow, max-snippet:-1, max-image-preview:large, max-video-preview:-1\" \/>\n<link rel=\"canonical\" href=\"https:\/\/www.sade-cgth.fr\/es\/blog\/geographie-es\/europe-es\/se-mantiene-la-actividad\/\" \/>\n<meta property=\"og:locale\" content=\"es_ES\" \/>\n<meta property=\"og:type\" content=\"article\" \/>\n<meta property=\"og:title\" content=\"Se mantiene la actividad - SADE\" \/>\n<meta property=\"og:description\" content=\"[vc_row][vc_column width=\u00bb2\/3&#8243;][vc_column_text css=\u00bb.vc_custom_1621238068083{margin-right: 20px !important;}\u00bb]En Ecuador y, concretamente, en la ciudad de Guayaquil nuestros equipos de reparaci\u00f3n de fugas siguen trabajando pese al confinamiento general y el toque de queda&#8230; Con m\u00e1s de 500 casos de coronavirus en el pa\u00eds, el gobierno ecuatoriano declar\u00f3 el estado de emergencia en el pa\u00eds el 16 de marzo, imponiendo un confinamiento general, restricciones a la circulaci\u00f3n y un estricto toque de queda entre las 16:00 y las 8:00 horas. Se han lanzado adem\u00e1s campa\u00f1as informativas para sensibilizar a la poblaci\u00f3n. Interagua (Veolia), que debe garantizar el servicio continuo de agua potable para la... +\" \/>\n<meta property=\"og:url\" content=\"https:\/\/www.sade-cgth.fr\/es\/blog\/geographie-es\/europe-es\/se-mantiene-la-actividad\/\" \/>\n<meta property=\"og:site_name\" content=\"SADE\" \/>\n<meta property=\"article:published_time\" content=\"2020-03-23T08:54:32+00:00\" \/>\n<meta property=\"article:modified_time\" content=\"2021-05-27T12:27:09+00:00\" \/>\n<meta property=\"og:image\" content=\"https:\/\/www.sade-cgth.fr\/wp-content\/uploads\/2021\/05\/193762d6-987e-48ae-9ced-beb0c35b3af5.jpg\" \/>\n\t<meta property=\"og:image:width\" content=\"1920\" \/>\n\t<meta property=\"og:image:height\" content=\"1080\" \/>\n\t<meta property=\"og:image:type\" content=\"image\/jpeg\" \/>\n<meta name=\"author\" content=\"laurieann\" \/>\n<meta name=\"twitter:card\" content=\"summary_large_image\" \/>\n<meta name=\"twitter:creator\" content=\"@sadecgth\" \/>\n<meta name=\"twitter:site\" content=\"@sadecgth\" \/>\n<meta name=\"twitter:label1\" content=\"Escrito por\" \/>\n\t<meta name=\"twitter:data1\" content=\"laurieann\" \/>\n\t<meta name=\"twitter:label2\" content=\"Tiempo de lectura\" \/>\n\t<meta name=\"twitter:data2\" content=\"2 minutos\" \/>\n<script type=\"application\/ld+json\" class=\"yoast-schema-graph\">{\"@context\":\"https:\/\/schema.org\",\"@graph\":[{\"@type\":\"Article\",\"@id\":\"https:\/\/www.sade-cgth.fr\/es\/blog\/geographie-es\/europe-es\/se-mantiene-la-actividad\/#article\",\"isPartOf\":{\"@id\":\"https:\/\/www.sade-cgth.fr\/es\/blog\/geographie-es\/europe-es\/se-mantiene-la-actividad\/\"},\"author\":{\"name\":\"laurieann\",\"@id\":\"https:\/\/www.sade-cgth.fr\/#\/schema\/person\/16b4998c2e208c46702b7f17ebd5c6c6\"},\"headline\":\"Se mantiene la actividad\",\"datePublished\":\"2020-03-23T08:54:32+00:00\",\"dateModified\":\"2021-05-27T12:27:09+00:00\",\"mainEntityOfPage\":{\"@id\":\"https:\/\/www.sade-cgth.fr\/es\/blog\/geographie-es\/europe-es\/se-mantiene-la-actividad\/\"},\"wordCount\":473,\"publisher\":{\"@id\":\"https:\/\/www.sade-cgth.fr\/#organization\"},\"image\":{\"@id\":\"https:\/\/www.sade-cgth.fr\/es\/blog\/geographie-es\/europe-es\/se-mantiene-la-actividad\/#primaryimage\"},\"thumbnailUrl\":\"https:\/\/www.sade-cgth.fr\/wp-content\/uploads\/2021\/05\/193762d6-987e-48ae-9ced-beb0c35b3af5.jpg\",\"keywords\":[\"Equateur\"],\"articleSection\":[\"Europa\"],\"inLanguage\":\"es\"},{\"@type\":\"WebPage\",\"@id\":\"https:\/\/www.sade-cgth.fr\/es\/blog\/geographie-es\/europe-es\/se-mantiene-la-actividad\/\",\"url\":\"https:\/\/www.sade-cgth.fr\/es\/blog\/geographie-es\/europe-es\/se-mantiene-la-actividad\/\",\"name\":\"Se mantiene la actividad - SADE\",\"isPartOf\":{\"@id\":\"https:\/\/www.sade-cgth.fr\/#website\"},\"primaryImageOfPage\":{\"@id\":\"https:\/\/www.sade-cgth.fr\/es\/blog\/geographie-es\/europe-es\/se-mantiene-la-actividad\/#primaryimage\"},\"image\":{\"@id\":\"https:\/\/www.sade-cgth.fr\/es\/blog\/geographie-es\/europe-es\/se-mantiene-la-actividad\/#primaryimage\"},\"thumbnailUrl\":\"https:\/\/www.sade-cgth.fr\/wp-content\/uploads\/2021\/05\/193762d6-987e-48ae-9ced-beb0c35b3af5.jpg\",\"datePublished\":\"2020-03-23T08:54:32+00:00\",\"dateModified\":\"2021-05-27T12:27:09+00:00\",\"breadcrumb\":{\"@id\":\"https:\/\/www.sade-cgth.fr\/es\/blog\/geographie-es\/europe-es\/se-mantiene-la-actividad\/#breadcrumb\"},\"inLanguage\":\"es\",\"potentialAction\":[{\"@type\":\"ReadAction\",\"target\":[\"https:\/\/www.sade-cgth.fr\/es\/blog\/geographie-es\/europe-es\/se-mantiene-la-actividad\/\"]}]},{\"@type\":\"ImageObject\",\"inLanguage\":\"es\",\"@id\":\"https:\/\/www.sade-cgth.fr\/es\/blog\/geographie-es\/europe-es\/se-mantiene-la-actividad\/#primaryimage\",\"url\":\"https:\/\/www.sade-cgth.fr\/wp-content\/uploads\/2021\/05\/193762d6-987e-48ae-9ced-beb0c35b3af5.jpg\",\"contentUrl\":\"https:\/\/www.sade-cgth.fr\/wp-content\/uploads\/2021\/05\/193762d6-987e-48ae-9ced-beb0c35b3af5.jpg\",\"width\":1920,\"height\":1080},{\"@type\":\"BreadcrumbList\",\"@id\":\"https:\/\/www.sade-cgth.fr\/es\/blog\/geographie-es\/europe-es\/se-mantiene-la-actividad\/#breadcrumb\",\"itemListElement\":[{\"@type\":\"ListItem\",\"position\":1,\"name\":\"Accueil\",\"item\":\"https:\/\/www.sade-cgth.fr\/es\/\"},{\"@type\":\"ListItem\",\"position\":2,\"name\":\"Se mantiene la actividad\"}]},{\"@type\":\"WebSite\",\"@id\":\"https:\/\/www.sade-cgth.fr\/#website\",\"url\":\"https:\/\/www.sade-cgth.fr\/\",\"name\":\"SADE\",\"description\":\"\",\"publisher\":{\"@id\":\"https:\/\/www.sade-cgth.fr\/#organization\"},\"potentialAction\":[{\"@type\":\"SearchAction\",\"target\":{\"@type\":\"EntryPoint\",\"urlTemplate\":\"https:\/\/www.sade-cgth.fr\/?s={search_term_string}\"},\"query-input\":{\"@type\":\"PropertyValueSpecification\",\"valueRequired\":true,\"valueName\":\"search_term_string\"}}],\"inLanguage\":\"es\"},{\"@type\":\"Organization\",\"@id\":\"https:\/\/www.sade-cgth.fr\/#organization\",\"name\":\"La SADE\",\"url\":\"https:\/\/www.sade-cgth.fr\/\",\"logo\":{\"@type\":\"ImageObject\",\"inLanguage\":\"es\",\"@id\":\"https:\/\/www.sade-cgth.fr\/#\/schema\/logo\/image\/\",\"url\":\"https:\/\/www.sade-cgth.fr\/wp-content\/uploads\/2020\/06\/logo-la-sade.png\",\"contentUrl\":\"https:\/\/www.sade-cgth.fr\/wp-content\/uploads\/2020\/06\/logo-la-sade.png\",\"width\":330,\"height\":144,\"caption\":\"La SADE\"},\"image\":{\"@id\":\"https:\/\/www.sade-cgth.fr\/#\/schema\/logo\/image\/\"},\"sameAs\":[\"https:\/\/x.com\/sadecgth\",\"https:\/\/www.instagram.com\/sadecgth\",\"https:\/\/fr.linkedin.com\/company\/sade\",\"https:\/\/www.youtube.com\/channel\/UCt0AEHEpfgRE3pADxCZvXnQ\"]},{\"@type\":\"Person\",\"@id\":\"https:\/\/www.sade-cgth.fr\/#\/schema\/person\/16b4998c2e208c46702b7f17ebd5c6c6\",\"name\":\"laurieann\",\"image\":{\"@type\":\"ImageObject\",\"inLanguage\":\"es\",\"@id\":\"https:\/\/www.sade-cgth.fr\/#\/schema\/person\/image\/\",\"url\":\"https:\/\/secure.gravatar.com\/avatar\/c41d79d750f20704fe4ab5051a7097db?s=96&d=mm&r=g\",\"contentUrl\":\"https:\/\/secure.gravatar.com\/avatar\/c41d79d750f20704fe4ab5051a7097db?s=96&d=mm&r=g\",\"caption\":\"laurieann\"}}]}<\/script>\n<!-- \/ Yoast SEO plugin. -->","yoast_head_json":{"title":"Se mantiene la actividad - SADE","robots":{"index":"index","follow":"follow","max-snippet":"max-snippet:-1","max-image-preview":"max-image-preview:large","max-video-preview":"max-video-preview:-1"},"canonical":"https:\/\/www.sade-cgth.fr\/es\/blog\/geographie-es\/europe-es\/se-mantiene-la-actividad\/","og_locale":"es_ES","og_type":"article","og_title":"Se mantiene la actividad - SADE","og_description":"[vc_row][vc_column width=\u00bb2\/3&#8243;][vc_column_text css=\u00bb.vc_custom_1621238068083{margin-right: 20px !important;}\u00bb]En Ecuador y, concretamente, en la ciudad de Guayaquil nuestros equipos de reparaci\u00f3n de fugas siguen trabajando pese al confinamiento general y el toque de queda&#8230; Con m\u00e1s de 500 casos de coronavirus en el pa\u00eds, el gobierno ecuatoriano declar\u00f3 el estado de emergencia en el pa\u00eds el 16 de marzo, imponiendo un confinamiento general, restricciones a la circulaci\u00f3n y un estricto toque de queda entre las 16:00 y las 8:00 horas. Se han lanzado adem\u00e1s campa\u00f1as informativas para sensibilizar a la poblaci\u00f3n. Interagua (Veolia), que debe garantizar el servicio continuo de agua potable para la... +","og_url":"https:\/\/www.sade-cgth.fr\/es\/blog\/geographie-es\/europe-es\/se-mantiene-la-actividad\/","og_site_name":"SADE","article_published_time":"2020-03-23T08:54:32+00:00","article_modified_time":"2021-05-27T12:27:09+00:00","og_image":[{"width":1920,"height":1080,"url":"https:\/\/www.sade-cgth.fr\/wp-content\/uploads\/2021\/05\/193762d6-987e-48ae-9ced-beb0c35b3af5.jpg","type":"image\/jpeg"}],"author":"laurieann","twitter_card":"summary_large_image","twitter_creator":"@sadecgth","twitter_site":"@sadecgth","twitter_misc":{"Escrito por":"laurieann","Tiempo de lectura":"2 minutos"},"schema":{"@context":"https:\/\/schema.org","@graph":[{"@type":"Article","@id":"https:\/\/www.sade-cgth.fr\/es\/blog\/geographie-es\/europe-es\/se-mantiene-la-actividad\/#article","isPartOf":{"@id":"https:\/\/www.sade-cgth.fr\/es\/blog\/geographie-es\/europe-es\/se-mantiene-la-actividad\/"},"author":{"name":"laurieann","@id":"https:\/\/www.sade-cgth.fr\/#\/schema\/person\/16b4998c2e208c46702b7f17ebd5c6c6"},"headline":"Se mantiene la actividad","datePublished":"2020-03-23T08:54:32+00:00","dateModified":"2021-05-27T12:27:09+00:00","mainEntityOfPage":{"@id":"https:\/\/www.sade-cgth.fr\/es\/blog\/geographie-es\/europe-es\/se-mantiene-la-actividad\/"},"wordCount":473,"publisher":{"@id":"https:\/\/www.sade-cgth.fr\/#organization"},"image":{"@id":"https:\/\/www.sade-cgth.fr\/es\/blog\/geographie-es\/europe-es\/se-mantiene-la-actividad\/#primaryimage"},"thumbnailUrl":"https:\/\/www.sade-cgth.fr\/wp-content\/uploads\/2021\/05\/193762d6-987e-48ae-9ced-beb0c35b3af5.jpg","keywords":["Equateur"],"articleSection":["Europa"],"inLanguage":"es"},{"@type":"WebPage","@id":"https:\/\/www.sade-cgth.fr\/es\/blog\/geographie-es\/europe-es\/se-mantiene-la-actividad\/","url":"https:\/\/www.sade-cgth.fr\/es\/blog\/geographie-es\/europe-es\/se-mantiene-la-actividad\/","name":"Se mantiene la actividad - SADE","isPartOf":{"@id":"https:\/\/www.sade-cgth.fr\/#website"},"primaryImageOfPage":{"@id":"https:\/\/www.sade-cgth.fr\/es\/blog\/geographie-es\/europe-es\/se-mantiene-la-actividad\/#primaryimage"},"image":{"@id":"https:\/\/www.sade-cgth.fr\/es\/blog\/geographie-es\/europe-es\/se-mantiene-la-actividad\/#primaryimage"},"thumbnailUrl":"https:\/\/www.sade-cgth.fr\/wp-content\/uploads\/2021\/05\/193762d6-987e-48ae-9ced-beb0c35b3af5.jpg","datePublished":"2020-03-23T08:54:32+00:00","dateModified":"2021-05-27T12:27:09+00:00","breadcrumb":{"@id":"https:\/\/www.sade-cgth.fr\/es\/blog\/geographie-es\/europe-es\/se-mantiene-la-actividad\/#breadcrumb"},"inLanguage":"es","potentialAction":[{"@type":"ReadAction","target":["https:\/\/www.sade-cgth.fr\/es\/blog\/geographie-es\/europe-es\/se-mantiene-la-actividad\/"]}]},{"@type":"ImageObject","inLanguage":"es","@id":"https:\/\/www.sade-cgth.fr\/es\/blog\/geographie-es\/europe-es\/se-mantiene-la-actividad\/#primaryimage","url":"https:\/\/www.sade-cgth.fr\/wp-content\/uploads\/2021\/05\/193762d6-987e-48ae-9ced-beb0c35b3af5.jpg","contentUrl":"https:\/\/www.sade-cgth.fr\/wp-content\/uploads\/2021\/05\/193762d6-987e-48ae-9ced-beb0c35b3af5.jpg","width":1920,"height":1080},{"@type":"BreadcrumbList","@id":"https:\/\/www.sade-cgth.fr\/es\/blog\/geographie-es\/europe-es\/se-mantiene-la-actividad\/#breadcrumb","itemListElement":[{"@type":"ListItem","position":1,"name":"Accueil","item":"https:\/\/www.sade-cgth.fr\/es\/"},{"@type":"ListItem","position":2,"name":"Se mantiene la actividad"}]},{"@type":"WebSite","@id":"https:\/\/www.sade-cgth.fr\/#website","url":"https:\/\/www.sade-cgth.fr\/","name":"SADE","description":"","publisher":{"@id":"https:\/\/www.sade-cgth.fr\/#organization"},"potentialAction":[{"@type":"SearchAction","target":{"@type":"EntryPoint","urlTemplate":"https:\/\/www.sade-cgth.fr\/?s={search_term_string}"},"query-input":{"@type":"PropertyValueSpecification","valueRequired":true,"valueName":"search_term_string"}}],"inLanguage":"es"},{"@type":"Organization","@id":"https:\/\/www.sade-cgth.fr\/#organization","name":"La SADE","url":"https:\/\/www.sade-cgth.fr\/","logo":{"@type":"ImageObject","inLanguage":"es","@id":"https:\/\/www.sade-cgth.fr\/#\/schema\/logo\/image\/","url":"https:\/\/www.sade-cgth.fr\/wp-content\/uploads\/2020\/06\/logo-la-sade.png","contentUrl":"https:\/\/www.sade-cgth.fr\/wp-content\/uploads\/2020\/06\/logo-la-sade.png","width":330,"height":144,"caption":"La SADE"},"image":{"@id":"https:\/\/www.sade-cgth.fr\/#\/schema\/logo\/image\/"},"sameAs":["https:\/\/x.com\/sadecgth","https:\/\/www.instagram.com\/sadecgth","https:\/\/fr.linkedin.com\/company\/sade","https:\/\/www.youtube.com\/channel\/UCt0AEHEpfgRE3pADxCZvXnQ"]},{"@type":"Person","@id":"https:\/\/www.sade-cgth.fr\/#\/schema\/person\/16b4998c2e208c46702b7f17ebd5c6c6","name":"laurieann","image":{"@type":"ImageObject","inLanguage":"es","@id":"https:\/\/www.sade-cgth.fr\/#\/schema\/person\/image\/","url":"https:\/\/secure.gravatar.com\/avatar\/c41d79d750f20704fe4ab5051a7097db?s=96&d=mm&r=g","contentUrl":"https:\/\/secure.gravatar.com\/avatar\/c41d79d750f20704fe4ab5051a7097db?s=96&d=mm&r=g","caption":"laurieann"}}]}},"_links":{"self":[{"href":"https:\/\/www.sade-cgth.fr\/es\/wp-json\/wp\/v2\/posts\/10318"}],"collection":[{"href":"https:\/\/www.sade-cgth.fr\/es\/wp-json\/wp\/v2\/posts"}],"about":[{"href":"https:\/\/www.sade-cgth.fr\/es\/wp-json\/wp\/v2\/types\/post"}],"author":[{"embeddable":true,"href":"https:\/\/www.sade-cgth.fr\/es\/wp-json\/wp\/v2\/users\/8"}],"replies":[{"embeddable":true,"href":"https:\/\/www.sade-cgth.fr\/es\/wp-json\/wp\/v2\/comments?post=10318"}],"version-history":[{"count":0,"href":"https:\/\/www.sade-cgth.fr\/es\/wp-json\/wp\/v2\/posts\/10318\/revisions"}],"wp:featuredmedia":[{"embeddable":true,"href":"https:\/\/www.sade-cgth.fr\/es\/wp-json\/wp\/v2\/media\/10322"}],"wp:attachment":[{"href":"https:\/\/www.sade-cgth.fr\/es\/wp-json\/wp\/v2\/media?parent=10318"}],"wp:term":[{"taxonomy":"category","embeddable":true,"href":"https:\/\/www.sade-cgth.fr\/es\/wp-json\/wp\/v2\/categories?post=10318"},{"taxonomy":"post_tag","embeddable":true,"href":"https:\/\/www.sade-cgth.fr\/es\/wp-json\/wp\/v2\/tags?post=10318"}],"curies":[{"name":"wp","href":"https:\/\/api.w.org\/{rel}","templated":true}]}}