{"id":10807,"date":"2021-06-08T09:43:50","date_gmt":"2021-06-08T07:43:50","guid":{"rendered":"https:\/\/www.sade-cgth.fr\/?p=10807"},"modified":"2021-06-17T09:58:08","modified_gmt":"2021-06-17T07:58:08","slug":"el-municipio-de-ault-adapta-su-fachada-maritima","status":"publish","type":"post","link":"https:\/\/www.sade-cgth.fr\/es\/blog\/geographie-es\/afrique-es\/el-municipio-de-ault-adapta-su-fachada-maritima\/","title":{"rendered":"El municipio de Ault adapta su fachada mar\u00edtima&#8230;"},"content":{"rendered":"<div class=\"wpb-content-wrapper\"><p>[vc_row][vc_column width=\u00bb2\/3&#8243;][vc_column_text css=\u00bb.vc_custom_1623915807383{margin-right: 20px !important;}\u00bb]<span style=\"color: #999999;\"><strong>incluyendo la redistribuci\u00f3n de sus redes de aguas residuales para 2050.<\/strong><\/span><\/p>\n<p>Los acantilados de Ault retroceden regularmente bajo los repetidos asaltos del mar que los ataca desde abajo, la infiltraci\u00f3n del agua de lluvia que los corroe desde arriba y los fen\u00f3menos de congelaci\u00f3n y descongelaci\u00f3n. Se calcula que en algunos puntos pierden entre 30 y 50 m cada 100 a\u00f1os.<\/p>\n<p>Teniendo en cuenta lo anterior, el municipio est\u00e1 incluido en el Plan de Prevenci\u00f3n de Riesgos de los Acantilados de Picard\u00eda (decreto de la prefectura de 6 de junio de 2013) que tiene en cuenta el peligro de erosi\u00f3n del litoral y anticipa la evoluci\u00f3n de la l\u00ednea de costa aprovechando su potencial de desarrollo. Este plan tiene el doble objetivo de proteger a las personas y los bienes en las zonas afectadas y no intensificar los riesgos en las zonas afectadas en los pr\u00f3ximos 100 a\u00f1os.<\/p>\n<p>La redistribuci\u00f3n de las redes de aguas residuales en Ault, realizada con el apoyo de la empresa mixta Baie de Somme-Grand Littoral Picard, forma parte de esta estrategia global de desarrollo territorial.<\/p>\n<p>En este contexto, SADE es la encargada de asegurar los flujos de aguas residuales para evitar cualquier riesgo de vertido al mar en caso de derrumbe del acantilado. As\u00ed pues, los equipos de la sucursal de Abbeville trabajaron en el centro de la ciudad en las obras existentes y en la red de aguas residuales:<\/p>\n<ul>\n<li>desconexi\u00f3n de la estaci\u00f3n elevadora principal,<\/li>\n<li>cambios en la direcci\u00f3n del flujo del mar a la tierra,<\/li>\n<li>creaci\u00f3n de 5 estaciones de bombeo,<\/li>\n<li>colocaci\u00f3n de 950 m de tuber\u00edas de descarga y 500 m de renovaci\u00f3n de un colector gravitatorio, tanto con m\u00e9todos tradicionales como con encamisado,<\/li>\n<li>rehabilitaci\u00f3n de un centenar de conexiones.<\/li>\n<\/ul>\n<p>Nota importante: debido al riesgo de derrumbe, se han establecido especificaciones t\u00e9cnicas para minimizar el tonelaje de los equipos de construcci\u00f3n en el frente mar\u00edtimo y para reducir las vibraciones apostando por las t\u00e9cnicas de relleno autocompactante.<\/p>\n<p>Un complejo proyecto de 5 meses de duraci\u00f3n con una alta implicaci\u00f3n medioambiental para el pr\u00f3ximo siglo.[\/vc_column_text][vc_message style=\u00bbsquare\u00bb message_box_color=\u00bbwhite\u00bb icon_type=\u00bbentypo\u00bb css=\u00bb.vc_custom_1623915827267{margin-top: 15px !important;margin-right: 30px !important;border-bottom-width: 0px !important;padding-top: 1px !important;background-color: #008bcb !important;border-bottom-color: #008bcb !important;border-bottom-style: solid !important;}\u00bb icon_entypo=\u00bbentypo-icon entypo-icon-info-circled\u00bb]<span style=\"color: #ffffff;\"><strong>La localidad de Ault<\/strong><\/span><\/p>\n<p><span style=\"color: #ffffff;\">Construida sobre los acantilados de roca caliza que se elevan desde \u00c9tretat hasta la bah\u00eda de Somme, Ault es un popular destino costero desde finales del siglo XIX. Adem\u00e1s de su excepcional entorno natural, la localidad cuenta con varias villas de la Belle \u00c9poque que le confieren un cach\u00e9 especial.<\/span>[\/vc_message][\/vc_column][vc_column width=\u00bb1\/3&#8243;][vc_single_image image=\u00bb10808&#8243; img_size=\u00bbfull\u00bb css=\u00bb.vc_custom_1623158463333{margin-top: 30px !important;margin-bottom: 20px !important;}\u00bb][vc_images_carousel images=\u00bb10811,10814&#8243; img_size=\u00bb428&#215;649&#8243; autoplay=\u00bbyes\u00bb wrap=\u00bbyes\u00bb][\/vc_column][\/vc_row][vc_row][vc_column width=\u00bb2\/3&#8243; css=\u00bb.vc_custom_1598363171973{margin-top: 20px !important;}\u00bb][\/vc_column][vc_column width=\u00bb1\/3&#8243;][\/vc_column][\/vc_row]<\/p>\n<!-- WPMSNGI:: This input got made by wpms-network-global-inserts It is a WordPress Plugin, you will find your Plugins @ www.wordpress.org ... Information about the Plugin you will find @ www.ruben-storm.de Thank you for using this Plungin--><\/div>","protected":false},"excerpt":{"rendered":"[vc_row][vc_column width=\u00bb2\/3&#8243;][vc_column_text css=\u00bb.vc_custom_1623915807383{margin-right: 20px !important;}\u00bb]incluyendo la redistribuci\u00f3n de sus redes de aguas residuales para 2050. Los acantilados de Ault retroceden regularmente bajo los repetidos asaltos del mar que los ataca desde abajo, la infiltraci\u00f3n del agua de lluvia que los corroe desde arriba y los fen\u00f3menos de congelaci\u00f3n y descongelaci\u00f3n. Se calcula que en algunos puntos pierden entre 30 y 50 m cada 100 a\u00f1os. Teniendo en cuenta lo anterior, el municipio est\u00e1 incluido en el Plan de Prevenci\u00f3n de Riesgos de los Acantilados de Picard\u00eda (decreto de la prefectura de 6 de junio de 2013) que tiene en cuenta&#8230; <div class=\"liresuite\"><a class=\"view-article\" href=\"https:\/\/www.sade-cgth.fr\/es\/blog\/geographie-es\/afrique-es\/el-municipio-de-ault-adapta-su-fachada-maritima\/\">+<\/a><\/div>","protected":false},"author":8,"featured_media":10810,"comment_status":"closed","ping_status":"closed","sticky":false,"template":"","format":"standard","meta":{"footnotes":""},"categories":[55,56,59,60,61,57,58],"tags":[],"class_list":["post-10807","post","type-post","status-publish","format-standard","has-post-thumbnail","hentry","category-afrique-es","category-genie-civil-es","category-public-es","category-technique-es","category-travaux-sans-tranchee-es","category-nucleaire-es","category-rse-es"],"yoast_head":"<!-- This site is optimized with the Yoast SEO plugin v24.6 - https:\/\/yoast.com\/wordpress\/plugins\/seo\/ -->\n<title>El municipio de Ault adapta su fachada mar\u00edtima... - SADE<\/title>\n<meta name=\"robots\" content=\"index, follow, max-snippet:-1, max-image-preview:large, max-video-preview:-1\" \/>\n<link rel=\"canonical\" href=\"https:\/\/www.sade-cgth.fr\/es\/blog\/geographie-es\/afrique-es\/el-municipio-de-ault-adapta-su-fachada-maritima\/\" \/>\n<meta property=\"og:locale\" content=\"es_ES\" \/>\n<meta property=\"og:type\" content=\"article\" \/>\n<meta property=\"og:title\" content=\"El municipio de Ault adapta su fachada mar\u00edtima... - SADE\" \/>\n<meta property=\"og:description\" content=\"[vc_row][vc_column width=\u00bb2\/3&#8243;][vc_column_text css=\u00bb.vc_custom_1623915807383{margin-right: 20px !important;}\u00bb]incluyendo la redistribuci\u00f3n de sus redes de aguas residuales para 2050. Los acantilados de Ault retroceden regularmente bajo los repetidos asaltos del mar que los ataca desde abajo, la infiltraci\u00f3n del agua de lluvia que los corroe desde arriba y los fen\u00f3menos de congelaci\u00f3n y descongelaci\u00f3n. Se calcula que en algunos puntos pierden entre 30 y 50 m cada 100 a\u00f1os. Teniendo en cuenta lo anterior, el municipio est\u00e1 incluido en el Plan de Prevenci\u00f3n de Riesgos de los Acantilados de Picard\u00eda (decreto de la prefectura de 6 de junio de 2013) que tiene en cuenta... +\" \/>\n<meta property=\"og:url\" content=\"https:\/\/www.sade-cgth.fr\/es\/blog\/geographie-es\/afrique-es\/el-municipio-de-ault-adapta-su-fachada-maritima\/\" \/>\n<meta property=\"og:site_name\" content=\"SADE\" \/>\n<meta property=\"article:published_time\" content=\"2021-06-08T07:43:50+00:00\" \/>\n<meta property=\"article:modified_time\" content=\"2021-06-17T07:58:08+00:00\" \/>\n<meta property=\"og:image\" content=\"https:\/\/www.sade-cgth.fr\/wp-content\/uploads\/2021\/06\/Copie-de-20210218_173011.jpg\" \/>\n\t<meta property=\"og:image:width\" content=\"1920\" \/>\n\t<meta property=\"og:image:height\" content=\"1080\" \/>\n\t<meta property=\"og:image:type\" content=\"image\/jpeg\" \/>\n<meta name=\"author\" content=\"laurieann\" \/>\n<meta name=\"twitter:card\" content=\"summary_large_image\" \/>\n<meta name=\"twitter:creator\" content=\"@sadecgth\" \/>\n<meta name=\"twitter:site\" content=\"@sadecgth\" \/>\n<meta name=\"twitter:label1\" content=\"Escrito por\" \/>\n\t<meta name=\"twitter:data1\" content=\"laurieann\" \/>\n\t<meta name=\"twitter:label2\" content=\"Tiempo de lectura\" \/>\n\t<meta name=\"twitter:data2\" content=\"2 minutos\" \/>\n<script type=\"application\/ld+json\" class=\"yoast-schema-graph\">{\"@context\":\"https:\/\/schema.org\",\"@graph\":[{\"@type\":\"Article\",\"@id\":\"https:\/\/www.sade-cgth.fr\/es\/blog\/geographie-es\/afrique-es\/el-municipio-de-ault-adapta-su-fachada-maritima\/#article\",\"isPartOf\":{\"@id\":\"https:\/\/www.sade-cgth.fr\/es\/blog\/geographie-es\/afrique-es\/el-municipio-de-ault-adapta-su-fachada-maritima\/\"},\"author\":{\"name\":\"laurieann\",\"@id\":\"https:\/\/www.sade-cgth.fr\/#\/schema\/person\/16b4998c2e208c46702b7f17ebd5c6c6\"},\"headline\":\"El municipio de Ault adapta su fachada mar\u00edtima&#8230;\",\"datePublished\":\"2021-06-08T07:43:50+00:00\",\"dateModified\":\"2021-06-17T07:58:08+00:00\",\"mainEntityOfPage\":{\"@id\":\"https:\/\/www.sade-cgth.fr\/es\/blog\/geographie-es\/afrique-es\/el-municipio-de-ault-adapta-su-fachada-maritima\/\"},\"wordCount\":540,\"publisher\":{\"@id\":\"https:\/\/www.sade-cgth.fr\/#organization\"},\"image\":{\"@id\":\"https:\/\/www.sade-cgth.fr\/es\/blog\/geographie-es\/afrique-es\/el-municipio-de-ault-adapta-su-fachada-maritima\/#primaryimage\"},\"thumbnailUrl\":\"https:\/\/www.sade-cgth.fr\/wp-content\/uploads\/2021\/06\/Copie-de-20210218_173011.jpg\",\"articleSection\":[\"\u00c1frica\",\"Obras civiles\",\"Sector p\u00fablico\",\"T\u00e9cnica\",\"Obras sin zanja\",\"Nuclear\",\"RSE\"],\"inLanguage\":\"es\"},{\"@type\":\"WebPage\",\"@id\":\"https:\/\/www.sade-cgth.fr\/es\/blog\/geographie-es\/afrique-es\/el-municipio-de-ault-adapta-su-fachada-maritima\/\",\"url\":\"https:\/\/www.sade-cgth.fr\/es\/blog\/geographie-es\/afrique-es\/el-municipio-de-ault-adapta-su-fachada-maritima\/\",\"name\":\"El municipio de Ault adapta su fachada mar\u00edtima... - SADE\",\"isPartOf\":{\"@id\":\"https:\/\/www.sade-cgth.fr\/#website\"},\"primaryImageOfPage\":{\"@id\":\"https:\/\/www.sade-cgth.fr\/es\/blog\/geographie-es\/afrique-es\/el-municipio-de-ault-adapta-su-fachada-maritima\/#primaryimage\"},\"image\":{\"@id\":\"https:\/\/www.sade-cgth.fr\/es\/blog\/geographie-es\/afrique-es\/el-municipio-de-ault-adapta-su-fachada-maritima\/#primaryimage\"},\"thumbnailUrl\":\"https:\/\/www.sade-cgth.fr\/wp-content\/uploads\/2021\/06\/Copie-de-20210218_173011.jpg\",\"datePublished\":\"2021-06-08T07:43:50+00:00\",\"dateModified\":\"2021-06-17T07:58:08+00:00\",\"breadcrumb\":{\"@id\":\"https:\/\/www.sade-cgth.fr\/es\/blog\/geographie-es\/afrique-es\/el-municipio-de-ault-adapta-su-fachada-maritima\/#breadcrumb\"},\"inLanguage\":\"es\",\"potentialAction\":[{\"@type\":\"ReadAction\",\"target\":[\"https:\/\/www.sade-cgth.fr\/es\/blog\/geographie-es\/afrique-es\/el-municipio-de-ault-adapta-su-fachada-maritima\/\"]}]},{\"@type\":\"ImageObject\",\"inLanguage\":\"es\",\"@id\":\"https:\/\/www.sade-cgth.fr\/es\/blog\/geographie-es\/afrique-es\/el-municipio-de-ault-adapta-su-fachada-maritima\/#primaryimage\",\"url\":\"https:\/\/www.sade-cgth.fr\/wp-content\/uploads\/2021\/06\/Copie-de-20210218_173011.jpg\",\"contentUrl\":\"https:\/\/www.sade-cgth.fr\/wp-content\/uploads\/2021\/06\/Copie-de-20210218_173011.jpg\",\"width\":1920,\"height\":1080},{\"@type\":\"BreadcrumbList\",\"@id\":\"https:\/\/www.sade-cgth.fr\/es\/blog\/geographie-es\/afrique-es\/el-municipio-de-ault-adapta-su-fachada-maritima\/#breadcrumb\",\"itemListElement\":[{\"@type\":\"ListItem\",\"position\":1,\"name\":\"Accueil\",\"item\":\"https:\/\/www.sade-cgth.fr\/es\/\"},{\"@type\":\"ListItem\",\"position\":2,\"name\":\"El municipio de Ault adapta su fachada mar\u00edtima&#8230;\"}]},{\"@type\":\"WebSite\",\"@id\":\"https:\/\/www.sade-cgth.fr\/#website\",\"url\":\"https:\/\/www.sade-cgth.fr\/\",\"name\":\"SADE\",\"description\":\"\",\"publisher\":{\"@id\":\"https:\/\/www.sade-cgth.fr\/#organization\"},\"potentialAction\":[{\"@type\":\"SearchAction\",\"target\":{\"@type\":\"EntryPoint\",\"urlTemplate\":\"https:\/\/www.sade-cgth.fr\/?s={search_term_string}\"},\"query-input\":{\"@type\":\"PropertyValueSpecification\",\"valueRequired\":true,\"valueName\":\"search_term_string\"}}],\"inLanguage\":\"es\"},{\"@type\":\"Organization\",\"@id\":\"https:\/\/www.sade-cgth.fr\/#organization\",\"name\":\"La SADE\",\"url\":\"https:\/\/www.sade-cgth.fr\/\",\"logo\":{\"@type\":\"ImageObject\",\"inLanguage\":\"es\",\"@id\":\"https:\/\/www.sade-cgth.fr\/#\/schema\/logo\/image\/\",\"url\":\"https:\/\/www.sade-cgth.fr\/wp-content\/uploads\/2020\/06\/logo-la-sade.png\",\"contentUrl\":\"https:\/\/www.sade-cgth.fr\/wp-content\/uploads\/2020\/06\/logo-la-sade.png\",\"width\":330,\"height\":144,\"caption\":\"La SADE\"},\"image\":{\"@id\":\"https:\/\/www.sade-cgth.fr\/#\/schema\/logo\/image\/\"},\"sameAs\":[\"https:\/\/x.com\/sadecgth\",\"https:\/\/www.instagram.com\/sadecgth\",\"https:\/\/fr.linkedin.com\/company\/sade\",\"https:\/\/www.youtube.com\/channel\/UCt0AEHEpfgRE3pADxCZvXnQ\"]},{\"@type\":\"Person\",\"@id\":\"https:\/\/www.sade-cgth.fr\/#\/schema\/person\/16b4998c2e208c46702b7f17ebd5c6c6\",\"name\":\"laurieann\",\"image\":{\"@type\":\"ImageObject\",\"inLanguage\":\"es\",\"@id\":\"https:\/\/www.sade-cgth.fr\/#\/schema\/person\/image\/\",\"url\":\"https:\/\/secure.gravatar.com\/avatar\/c41d79d750f20704fe4ab5051a7097db?s=96&d=mm&r=g\",\"contentUrl\":\"https:\/\/secure.gravatar.com\/avatar\/c41d79d750f20704fe4ab5051a7097db?s=96&d=mm&r=g\",\"caption\":\"laurieann\"}}]}<\/script>\n<!-- \/ Yoast SEO plugin. -->","yoast_head_json":{"title":"El municipio de Ault adapta su fachada mar\u00edtima... - SADE","robots":{"index":"index","follow":"follow","max-snippet":"max-snippet:-1","max-image-preview":"max-image-preview:large","max-video-preview":"max-video-preview:-1"},"canonical":"https:\/\/www.sade-cgth.fr\/es\/blog\/geographie-es\/afrique-es\/el-municipio-de-ault-adapta-su-fachada-maritima\/","og_locale":"es_ES","og_type":"article","og_title":"El municipio de Ault adapta su fachada mar\u00edtima... - SADE","og_description":"[vc_row][vc_column width=\u00bb2\/3&#8243;][vc_column_text css=\u00bb.vc_custom_1623915807383{margin-right: 20px !important;}\u00bb]incluyendo la redistribuci\u00f3n de sus redes de aguas residuales para 2050. Los acantilados de Ault retroceden regularmente bajo los repetidos asaltos del mar que los ataca desde abajo, la infiltraci\u00f3n del agua de lluvia que los corroe desde arriba y los fen\u00f3menos de congelaci\u00f3n y descongelaci\u00f3n. Se calcula que en algunos puntos pierden entre 30 y 50 m cada 100 a\u00f1os. Teniendo en cuenta lo anterior, el municipio est\u00e1 incluido en el Plan de Prevenci\u00f3n de Riesgos de los Acantilados de Picard\u00eda (decreto de la prefectura de 6 de junio de 2013) que tiene en cuenta... +","og_url":"https:\/\/www.sade-cgth.fr\/es\/blog\/geographie-es\/afrique-es\/el-municipio-de-ault-adapta-su-fachada-maritima\/","og_site_name":"SADE","article_published_time":"2021-06-08T07:43:50+00:00","article_modified_time":"2021-06-17T07:58:08+00:00","og_image":[{"width":1920,"height":1080,"url":"https:\/\/www.sade-cgth.fr\/wp-content\/uploads\/2021\/06\/Copie-de-20210218_173011.jpg","type":"image\/jpeg"}],"author":"laurieann","twitter_card":"summary_large_image","twitter_creator":"@sadecgth","twitter_site":"@sadecgth","twitter_misc":{"Escrito por":"laurieann","Tiempo de lectura":"2 minutos"},"schema":{"@context":"https:\/\/schema.org","@graph":[{"@type":"Article","@id":"https:\/\/www.sade-cgth.fr\/es\/blog\/geographie-es\/afrique-es\/el-municipio-de-ault-adapta-su-fachada-maritima\/#article","isPartOf":{"@id":"https:\/\/www.sade-cgth.fr\/es\/blog\/geographie-es\/afrique-es\/el-municipio-de-ault-adapta-su-fachada-maritima\/"},"author":{"name":"laurieann","@id":"https:\/\/www.sade-cgth.fr\/#\/schema\/person\/16b4998c2e208c46702b7f17ebd5c6c6"},"headline":"El municipio de Ault adapta su fachada mar\u00edtima&#8230;","datePublished":"2021-06-08T07:43:50+00:00","dateModified":"2021-06-17T07:58:08+00:00","mainEntityOfPage":{"@id":"https:\/\/www.sade-cgth.fr\/es\/blog\/geographie-es\/afrique-es\/el-municipio-de-ault-adapta-su-fachada-maritima\/"},"wordCount":540,"publisher":{"@id":"https:\/\/www.sade-cgth.fr\/#organization"},"image":{"@id":"https:\/\/www.sade-cgth.fr\/es\/blog\/geographie-es\/afrique-es\/el-municipio-de-ault-adapta-su-fachada-maritima\/#primaryimage"},"thumbnailUrl":"https:\/\/www.sade-cgth.fr\/wp-content\/uploads\/2021\/06\/Copie-de-20210218_173011.jpg","articleSection":["\u00c1frica","Obras civiles","Sector p\u00fablico","T\u00e9cnica","Obras sin zanja","Nuclear","RSE"],"inLanguage":"es"},{"@type":"WebPage","@id":"https:\/\/www.sade-cgth.fr\/es\/blog\/geographie-es\/afrique-es\/el-municipio-de-ault-adapta-su-fachada-maritima\/","url":"https:\/\/www.sade-cgth.fr\/es\/blog\/geographie-es\/afrique-es\/el-municipio-de-ault-adapta-su-fachada-maritima\/","name":"El municipio de Ault adapta su fachada mar\u00edtima... - SADE","isPartOf":{"@id":"https:\/\/www.sade-cgth.fr\/#website"},"primaryImageOfPage":{"@id":"https:\/\/www.sade-cgth.fr\/es\/blog\/geographie-es\/afrique-es\/el-municipio-de-ault-adapta-su-fachada-maritima\/#primaryimage"},"image":{"@id":"https:\/\/www.sade-cgth.fr\/es\/blog\/geographie-es\/afrique-es\/el-municipio-de-ault-adapta-su-fachada-maritima\/#primaryimage"},"thumbnailUrl":"https:\/\/www.sade-cgth.fr\/wp-content\/uploads\/2021\/06\/Copie-de-20210218_173011.jpg","datePublished":"2021-06-08T07:43:50+00:00","dateModified":"2021-06-17T07:58:08+00:00","breadcrumb":{"@id":"https:\/\/www.sade-cgth.fr\/es\/blog\/geographie-es\/afrique-es\/el-municipio-de-ault-adapta-su-fachada-maritima\/#breadcrumb"},"inLanguage":"es","potentialAction":[{"@type":"ReadAction","target":["https:\/\/www.sade-cgth.fr\/es\/blog\/geographie-es\/afrique-es\/el-municipio-de-ault-adapta-su-fachada-maritima\/"]}]},{"@type":"ImageObject","inLanguage":"es","@id":"https:\/\/www.sade-cgth.fr\/es\/blog\/geographie-es\/afrique-es\/el-municipio-de-ault-adapta-su-fachada-maritima\/#primaryimage","url":"https:\/\/www.sade-cgth.fr\/wp-content\/uploads\/2021\/06\/Copie-de-20210218_173011.jpg","contentUrl":"https:\/\/www.sade-cgth.fr\/wp-content\/uploads\/2021\/06\/Copie-de-20210218_173011.jpg","width":1920,"height":1080},{"@type":"BreadcrumbList","@id":"https:\/\/www.sade-cgth.fr\/es\/blog\/geographie-es\/afrique-es\/el-municipio-de-ault-adapta-su-fachada-maritima\/#breadcrumb","itemListElement":[{"@type":"ListItem","position":1,"name":"Accueil","item":"https:\/\/www.sade-cgth.fr\/es\/"},{"@type":"ListItem","position":2,"name":"El municipio de Ault adapta su fachada mar\u00edtima&#8230;"}]},{"@type":"WebSite","@id":"https:\/\/www.sade-cgth.fr\/#website","url":"https:\/\/www.sade-cgth.fr\/","name":"SADE","description":"","publisher":{"@id":"https:\/\/www.sade-cgth.fr\/#organization"},"potentialAction":[{"@type":"SearchAction","target":{"@type":"EntryPoint","urlTemplate":"https:\/\/www.sade-cgth.fr\/?s={search_term_string}"},"query-input":{"@type":"PropertyValueSpecification","valueRequired":true,"valueName":"search_term_string"}}],"inLanguage":"es"},{"@type":"Organization","@id":"https:\/\/www.sade-cgth.fr\/#organization","name":"La SADE","url":"https:\/\/www.sade-cgth.fr\/","logo":{"@type":"ImageObject","inLanguage":"es","@id":"https:\/\/www.sade-cgth.fr\/#\/schema\/logo\/image\/","url":"https:\/\/www.sade-cgth.fr\/wp-content\/uploads\/2020\/06\/logo-la-sade.png","contentUrl":"https:\/\/www.sade-cgth.fr\/wp-content\/uploads\/2020\/06\/logo-la-sade.png","width":330,"height":144,"caption":"La SADE"},"image":{"@id":"https:\/\/www.sade-cgth.fr\/#\/schema\/logo\/image\/"},"sameAs":["https:\/\/x.com\/sadecgth","https:\/\/www.instagram.com\/sadecgth","https:\/\/fr.linkedin.com\/company\/sade","https:\/\/www.youtube.com\/channel\/UCt0AEHEpfgRE3pADxCZvXnQ"]},{"@type":"Person","@id":"https:\/\/www.sade-cgth.fr\/#\/schema\/person\/16b4998c2e208c46702b7f17ebd5c6c6","name":"laurieann","image":{"@type":"ImageObject","inLanguage":"es","@id":"https:\/\/www.sade-cgth.fr\/#\/schema\/person\/image\/","url":"https:\/\/secure.gravatar.com\/avatar\/c41d79d750f20704fe4ab5051a7097db?s=96&d=mm&r=g","contentUrl":"https:\/\/secure.gravatar.com\/avatar\/c41d79d750f20704fe4ab5051a7097db?s=96&d=mm&r=g","caption":"laurieann"}}]}},"_links":{"self":[{"href":"https:\/\/www.sade-cgth.fr\/es\/wp-json\/wp\/v2\/posts\/10807"}],"collection":[{"href":"https:\/\/www.sade-cgth.fr\/es\/wp-json\/wp\/v2\/posts"}],"about":[{"href":"https:\/\/www.sade-cgth.fr\/es\/wp-json\/wp\/v2\/types\/post"}],"author":[{"embeddable":true,"href":"https:\/\/www.sade-cgth.fr\/es\/wp-json\/wp\/v2\/users\/8"}],"replies":[{"embeddable":true,"href":"https:\/\/www.sade-cgth.fr\/es\/wp-json\/wp\/v2\/comments?post=10807"}],"version-history":[{"count":0,"href":"https:\/\/www.sade-cgth.fr\/es\/wp-json\/wp\/v2\/posts\/10807\/revisions"}],"wp:featuredmedia":[{"embeddable":true,"href":"https:\/\/www.sade-cgth.fr\/es\/wp-json\/wp\/v2\/media\/10810"}],"wp:attachment":[{"href":"https:\/\/www.sade-cgth.fr\/es\/wp-json\/wp\/v2\/media?parent=10807"}],"wp:term":[{"taxonomy":"category","embeddable":true,"href":"https:\/\/www.sade-cgth.fr\/es\/wp-json\/wp\/v2\/categories?post=10807"},{"taxonomy":"post_tag","embeddable":true,"href":"https:\/\/www.sade-cgth.fr\/es\/wp-json\/wp\/v2\/tags?post=10807"}],"curies":[{"name":"wp","href":"https:\/\/api.w.org\/{rel}","templated":true}]}}