{"id":13497,"date":"2023-01-24T10:05:16","date_gmt":"2023-01-24T09:05:16","guid":{"rendered":"https:\/\/www.sade-cgth.fr\/blog\/sin-categorizar\/la-sade-doublement-choisie-pour-choisy\/"},"modified":"2023-08-11T08:52:16","modified_gmt":"2023-08-11T06:52:16","slug":"sade-elegida-dos-veces-en-choisy","status":"publish","type":"post","link":"https:\/\/www.sade-cgth.fr\/es\/blog\/geographie-es\/europe-es\/sade-elegida-dos-veces-en-choisy\/","title":{"rendered":"SADE elegida dos veces en Choisy&#8230;"},"content":{"rendered":"<div class=\"wpb-content-wrapper\"><p>[vc_row][vc_column width=\u00bb1\/2&#8243;][vc_column_text css=\u00bb.vc_custom_1691736732022{margin-right: 30px !important;}\u00bb]<\/p>\n<h1 class=\"widget-title__title\">SADE elegida dos veces en Choisy&#8230;<\/h1>\n<p><span style=\"color: #999999;\"><strong>\u00a0&#8230; para rehabilitar una importante balsa de retenci\u00f3n de vertidos accidentales de H2SO4.<\/strong><\/span>[\/vc_column_text][\/vc_column][vc_column width=\u00bb1\/2&#8243;][vc_single_image image=\u00bb12658&#8243; img_size=\u00bbfull\u00bb css_animation=\u00bbslideInLeft\u00bb][\/vc_column][\/vc_row][vc_row][vc_column width=\u00bb1\/2&#8243;][vc_single_image image=\u00bb12661&#8243; img_size=\u00bbfull\u00bb css=\u00bb.vc_custom_1683015090417{margin-top: 25px !important;margin-right: 30px !important;margin-left: 0px !important;}\u00bb][vc_single_image image=\u00bb12664&#8243; img_size=\u00bbfull\u00bb css=\u00bb.vc_custom_1683015103233{margin-top: 25px !important;margin-right: 30px !important;margin-left: 0px !important;}\u00bb][vc_single_image image=\u00bb13502&#8243; img_size=\u00bbfull\u00bb css=\u00bb.vc_custom_1691736703218{margin-top: 25px !important;margin-right: 30px !important;margin-left: 0px !important;}\u00bb][\/vc_column][vc_column width=\u00bb1\/2&#8243;][vc_column_text]Veolia Eau d&#8217;\u00cele-de-France (VEDIF), delegada por el Syndicat des Eaux de \u00cele-de-France (SEDIF), no s\u00f3lo es responsable de la prestaci\u00f3n del servicio p\u00fablico de agua potable, sino tambi\u00e9n del mantenimiento de las infraestructuras.<\/p>\n<p>En este contexto, VEDIF recurri\u00f3 a la Agencia de Obras Civiles y Trabajos Especiales de la DR Ouest para utilizar el sistema Hydroclick\u00ae para rehabilitar la balsa de contenci\u00f3n de vertidos accidentales situada bajo los 2 dep\u00f3sitos de 60 m\u00b3\u00a0de \u00e1cido sulf\u00farico (H2SO4) de la planta de producci\u00f3n de agua potable de Choisy-Le-Roi. La agencia vecina de Ivry-sur-Seine (DR IDF) tambi\u00e9n particip\u00f3 en el proyecto.<\/p>\n<h2>El poder de las redes sociales&#8230; y las referencias de SADE<\/h2>\n<p>Buscando en internet empresas instaladoras de placas resistentes a los \u00e1cidos, el responsable del proyecto de VEDIF descubri\u00f3, a trav\u00e9s de la red social LinkedIn\u00ae, el sistema Hydroclick\u00ae de SADE.<\/p>\n<p>Recordemos que este sistema consiste en revestir la obra con planchas de HDPE soldadas por extrusi\u00f3n. Tras ponerse en contacto con la Agencia de Obras\u00a0 Civiles y Trabajos Especiales de la DR Ouest, se elabor\u00f3 un presupuesto. La competitividad de la soluci\u00f3n y la larga lista de referencias de SADE en este campo, que lleva m\u00e1s de 15 a\u00f1os empleando este procedimiento, marcaron la diferencia con la competencia.[\/vc_column_text][vc_single_image image=\u00bb13499&#8243; img_size=\u00bbfull\u00bb css=\u00bb.vc_custom_1691736691179{margin-top: 25px !important;margin-left: 0px !important;}\u00bb][vc_column_text]<\/p>\n<h2>La obra en cifras<\/h2>\n<p>Durante 5 semanas, los equipos utilizaron Hydroclick\u00ae para revestir el suelo, un sumidero (1 m\u00b3), las paredes y 10 postes (1,50 m de altura) de esta balsa de retenci\u00f3n de vertidos accidentales de 96 m\u00b2 en el suelo (15 m x 6,40 m). En total 220 m\u00b2 de planchas cuidadosamente cortadas, ajustadas, sujetadas y soldadas por extrusi\u00f3n.<\/p>\n<p>Previamente, los equipos de Ivry-sur-Seine hab\u00edan acudido a tratar la estructura de hormig\u00f3n del sumidero, muy da\u00f1ada por el \u00e1cido. Con el fin de detectar y medir una posible subida de las aguas subterr\u00e1neas bajo el edificio, se instal\u00f3 en el sumidero un tubo vertical de PEHD de 1,50 m de altura y \u00d8 225 provisto de una sonda. Para garantizar la seguridad de nuestros equipos, por supuesto se vaciaron y limpiaron los tanques de \u00e1cido.[\/vc_column_text][\/vc_column][\/vc_row]<\/p>\n<!-- WPMSNGI:: This input got made by wpms-network-global-inserts It is a WordPress Plugin, you will find your Plugins @ www.wordpress.org ... Information about the Plugin you will find @ www.ruben-storm.de Thank you for using this Plungin--><\/div>","protected":false},"excerpt":{"rendered":"[vc_row][vc_column width=\u00bb1\/2&#8243;][vc_column_text css=\u00bb.vc_custom_1691736732022{margin-right: 30px !important;}\u00bb] SADE elegida dos veces en Choisy&#8230; \u00a0&#8230; para rehabilitar una importante balsa de retenci\u00f3n de vertidos accidentales de H2SO4.[\/vc_column_text][\/vc_column][vc_column width=\u00bb1\/2&#8243;][vc_single_image image=\u00bb12658&#8243; img_size=\u00bbfull\u00bb css_animation=\u00bbslideInLeft\u00bb][\/vc_column][\/vc_row][vc_row][vc_column width=\u00bb1\/2&#8243;][vc_single_image image=\u00bb12661&#8243; img_size=\u00bbfull\u00bb css=\u00bb.vc_custom_1683015090417{margin-top: 25px !important;margin-right: 30px !important;margin-left: 0px !important;}\u00bb][vc_single_image image=\u00bb12664&#8243; img_size=\u00bbfull\u00bb css=\u00bb.vc_custom_1683015103233{margin-top: 25px !important;margin-right: 30px !important;margin-left: 0px !important;}\u00bb][vc_single_image image=\u00bb13502&#8243; img_size=\u00bbfull\u00bb css=\u00bb.vc_custom_1691736703218{margin-top: 25px !important;margin-right: 30px !important;margin-left: 0px !important;}\u00bb][\/vc_column][vc_column width=\u00bb1\/2&#8243;][vc_column_text]Veolia Eau d&#8217;\u00cele-de-France (VEDIF), delegada por el Syndicat des Eaux de \u00cele-de-France (SEDIF), no s\u00f3lo es responsable de la prestaci\u00f3n del servicio p\u00fablico de agua potable, sino tambi\u00e9n del mantenimiento de las infraestructuras. En este contexto, VEDIF recurri\u00f3 a la Agencia de Obras Civiles&#8230; <div class=\"liresuite\"><a class=\"view-article\" href=\"https:\/\/www.sade-cgth.fr\/es\/blog\/geographie-es\/europe-es\/sade-elegida-dos-veces-en-choisy\/\">+<\/a><\/div>","protected":false},"author":8,"featured_media":12657,"comment_status":"closed","ping_status":"closed","sticky":false,"template":"","format":"standard","meta":{"footnotes":""},"categories":[62,56,59],"tags":[],"class_list":["post-13497","post","type-post","status-publish","format-standard","has-post-thumbnail","hentry","category-europe-es","category-genie-civil-es","category-public-es"],"yoast_head":"<!-- This site is optimized with the Yoast SEO plugin v24.6 - https:\/\/yoast.com\/wordpress\/plugins\/seo\/ -->\n<title>SADE elegida dos veces en Choisy... - SADE<\/title>\n<meta name=\"robots\" content=\"index, follow, max-snippet:-1, max-image-preview:large, max-video-preview:-1\" \/>\n<link rel=\"canonical\" href=\"https:\/\/www.sade-cgth.fr\/es\/blog\/geographie-es\/europe-es\/sade-elegida-dos-veces-en-choisy\/\" \/>\n<meta property=\"og:locale\" content=\"es_ES\" \/>\n<meta property=\"og:type\" content=\"article\" \/>\n<meta property=\"og:title\" content=\"SADE elegida dos veces en Choisy... - SADE\" \/>\n<meta property=\"og:description\" content=\"[vc_row][vc_column width=\u00bb1\/2&#8243;][vc_column_text css=\u00bb.vc_custom_1691736732022{margin-right: 30px !important;}\u00bb] SADE elegida dos veces en Choisy&#8230; \u00a0&#8230; para rehabilitar una importante balsa de retenci\u00f3n de vertidos accidentales de H2SO4.[\/vc_column_text][\/vc_column][vc_column width=\u00bb1\/2&#8243;][vc_single_image image=\u00bb12658&#8243; img_size=\u00bbfull\u00bb css_animation=\u00bbslideInLeft\u00bb][\/vc_column][\/vc_row][vc_row][vc_column width=\u00bb1\/2&#8243;][vc_single_image image=\u00bb12661&#8243; img_size=\u00bbfull\u00bb css=\u00bb.vc_custom_1683015090417{margin-top: 25px !important;margin-right: 30px !important;margin-left: 0px !important;}\u00bb][vc_single_image image=\u00bb12664&#8243; img_size=\u00bbfull\u00bb css=\u00bb.vc_custom_1683015103233{margin-top: 25px !important;margin-right: 30px !important;margin-left: 0px !important;}\u00bb][vc_single_image image=\u00bb13502&#8243; img_size=\u00bbfull\u00bb css=\u00bb.vc_custom_1691736703218{margin-top: 25px !important;margin-right: 30px !important;margin-left: 0px !important;}\u00bb][\/vc_column][vc_column width=\u00bb1\/2&#8243;][vc_column_text]Veolia Eau d&#8217;\u00cele-de-France (VEDIF), delegada por el Syndicat des Eaux de \u00cele-de-France (SEDIF), no s\u00f3lo es responsable de la prestaci\u00f3n del servicio p\u00fablico de agua potable, sino tambi\u00e9n del mantenimiento de las infraestructuras. En este contexto, VEDIF recurri\u00f3 a la Agencia de Obras Civiles... +\" \/>\n<meta property=\"og:url\" content=\"https:\/\/www.sade-cgth.fr\/es\/blog\/geographie-es\/europe-es\/sade-elegida-dos-veces-en-choisy\/\" \/>\n<meta property=\"og:site_name\" content=\"SADE\" \/>\n<meta property=\"article:published_time\" content=\"2023-01-24T09:05:16+00:00\" \/>\n<meta property=\"article:modified_time\" content=\"2023-08-11T06:52:16+00:00\" \/>\n<meta property=\"og:image\" content=\"https:\/\/www.sade-cgth.fr\/wp-content\/uploads\/2023\/05\/9373d9ed-2801-30ad-97a6-240f8d3819e1.jpg\" \/>\n\t<meta property=\"og:image:width\" content=\"1920\" \/>\n\t<meta property=\"og:image:height\" content=\"1080\" \/>\n\t<meta property=\"og:image:type\" content=\"image\/jpeg\" \/>\n<meta name=\"author\" content=\"laurieann\" \/>\n<meta name=\"twitter:card\" content=\"summary_large_image\" \/>\n<meta name=\"twitter:creator\" content=\"@sadecgth\" \/>\n<meta name=\"twitter:site\" content=\"@sadecgth\" \/>\n<meta name=\"twitter:label1\" content=\"Escrito por\" \/>\n\t<meta name=\"twitter:data1\" content=\"laurieann\" \/>\n\t<meta name=\"twitter:label2\" content=\"Tiempo de lectura\" \/>\n\t<meta name=\"twitter:data2\" content=\"3 minutos\" \/>\n<script type=\"application\/ld+json\" class=\"yoast-schema-graph\">{\"@context\":\"https:\/\/schema.org\",\"@graph\":[{\"@type\":\"Article\",\"@id\":\"https:\/\/www.sade-cgth.fr\/es\/blog\/geographie-es\/europe-es\/sade-elegida-dos-veces-en-choisy\/#article\",\"isPartOf\":{\"@id\":\"https:\/\/www.sade-cgth.fr\/es\/blog\/geographie-es\/europe-es\/sade-elegida-dos-veces-en-choisy\/\"},\"author\":{\"name\":\"laurieann\",\"@id\":\"https:\/\/www.sade-cgth.fr\/#\/schema\/person\/16b4998c2e208c46702b7f17ebd5c6c6\"},\"headline\":\"SADE elegida dos veces en Choisy&#8230;\",\"datePublished\":\"2023-01-24T09:05:16+00:00\",\"dateModified\":\"2023-08-11T06:52:16+00:00\",\"mainEntityOfPage\":{\"@id\":\"https:\/\/www.sade-cgth.fr\/es\/blog\/geographie-es\/europe-es\/sade-elegida-dos-veces-en-choisy\/\"},\"wordCount\":514,\"publisher\":{\"@id\":\"https:\/\/www.sade-cgth.fr\/#organization\"},\"image\":{\"@id\":\"https:\/\/www.sade-cgth.fr\/es\/blog\/geographie-es\/europe-es\/sade-elegida-dos-veces-en-choisy\/#primaryimage\"},\"thumbnailUrl\":\"https:\/\/www.sade-cgth.fr\/wp-content\/uploads\/2023\/05\/9373d9ed-2801-30ad-97a6-240f8d3819e1.jpg\",\"articleSection\":[\"Europa\",\"Obras civiles\",\"Sector p\u00fablico\"],\"inLanguage\":\"es\"},{\"@type\":\"WebPage\",\"@id\":\"https:\/\/www.sade-cgth.fr\/es\/blog\/geographie-es\/europe-es\/sade-elegida-dos-veces-en-choisy\/\",\"url\":\"https:\/\/www.sade-cgth.fr\/es\/blog\/geographie-es\/europe-es\/sade-elegida-dos-veces-en-choisy\/\",\"name\":\"SADE elegida dos veces en Choisy... - SADE\",\"isPartOf\":{\"@id\":\"https:\/\/www.sade-cgth.fr\/#website\"},\"primaryImageOfPage\":{\"@id\":\"https:\/\/www.sade-cgth.fr\/es\/blog\/geographie-es\/europe-es\/sade-elegida-dos-veces-en-choisy\/#primaryimage\"},\"image\":{\"@id\":\"https:\/\/www.sade-cgth.fr\/es\/blog\/geographie-es\/europe-es\/sade-elegida-dos-veces-en-choisy\/#primaryimage\"},\"thumbnailUrl\":\"https:\/\/www.sade-cgth.fr\/wp-content\/uploads\/2023\/05\/9373d9ed-2801-30ad-97a6-240f8d3819e1.jpg\",\"datePublished\":\"2023-01-24T09:05:16+00:00\",\"dateModified\":\"2023-08-11T06:52:16+00:00\",\"breadcrumb\":{\"@id\":\"https:\/\/www.sade-cgth.fr\/es\/blog\/geographie-es\/europe-es\/sade-elegida-dos-veces-en-choisy\/#breadcrumb\"},\"inLanguage\":\"es\",\"potentialAction\":[{\"@type\":\"ReadAction\",\"target\":[\"https:\/\/www.sade-cgth.fr\/es\/blog\/geographie-es\/europe-es\/sade-elegida-dos-veces-en-choisy\/\"]}]},{\"@type\":\"ImageObject\",\"inLanguage\":\"es\",\"@id\":\"https:\/\/www.sade-cgth.fr\/es\/blog\/geographie-es\/europe-es\/sade-elegida-dos-veces-en-choisy\/#primaryimage\",\"url\":\"https:\/\/www.sade-cgth.fr\/wp-content\/uploads\/2023\/05\/9373d9ed-2801-30ad-97a6-240f8d3819e1.jpg\",\"contentUrl\":\"https:\/\/www.sade-cgth.fr\/wp-content\/uploads\/2023\/05\/9373d9ed-2801-30ad-97a6-240f8d3819e1.jpg\",\"width\":1920,\"height\":1080},{\"@type\":\"BreadcrumbList\",\"@id\":\"https:\/\/www.sade-cgth.fr\/es\/blog\/geographie-es\/europe-es\/sade-elegida-dos-veces-en-choisy\/#breadcrumb\",\"itemListElement\":[{\"@type\":\"ListItem\",\"position\":1,\"name\":\"Accueil\",\"item\":\"https:\/\/www.sade-cgth.fr\/es\/\"},{\"@type\":\"ListItem\",\"position\":2,\"name\":\"SADE elegida dos veces en Choisy&#8230;\"}]},{\"@type\":\"WebSite\",\"@id\":\"https:\/\/www.sade-cgth.fr\/#website\",\"url\":\"https:\/\/www.sade-cgth.fr\/\",\"name\":\"SADE\",\"description\":\"\",\"publisher\":{\"@id\":\"https:\/\/www.sade-cgth.fr\/#organization\"},\"potentialAction\":[{\"@type\":\"SearchAction\",\"target\":{\"@type\":\"EntryPoint\",\"urlTemplate\":\"https:\/\/www.sade-cgth.fr\/?s={search_term_string}\"},\"query-input\":{\"@type\":\"PropertyValueSpecification\",\"valueRequired\":true,\"valueName\":\"search_term_string\"}}],\"inLanguage\":\"es\"},{\"@type\":\"Organization\",\"@id\":\"https:\/\/www.sade-cgth.fr\/#organization\",\"name\":\"La SADE\",\"url\":\"https:\/\/www.sade-cgth.fr\/\",\"logo\":{\"@type\":\"ImageObject\",\"inLanguage\":\"es\",\"@id\":\"https:\/\/www.sade-cgth.fr\/#\/schema\/logo\/image\/\",\"url\":\"https:\/\/www.sade-cgth.fr\/wp-content\/uploads\/2020\/06\/logo-la-sade.png\",\"contentUrl\":\"https:\/\/www.sade-cgth.fr\/wp-content\/uploads\/2020\/06\/logo-la-sade.png\",\"width\":330,\"height\":144,\"caption\":\"La SADE\"},\"image\":{\"@id\":\"https:\/\/www.sade-cgth.fr\/#\/schema\/logo\/image\/\"},\"sameAs\":[\"https:\/\/x.com\/sadecgth\",\"https:\/\/www.instagram.com\/sadecgth\",\"https:\/\/fr.linkedin.com\/company\/sade\",\"https:\/\/www.youtube.com\/channel\/UCt0AEHEpfgRE3pADxCZvXnQ\"]},{\"@type\":\"Person\",\"@id\":\"https:\/\/www.sade-cgth.fr\/#\/schema\/person\/16b4998c2e208c46702b7f17ebd5c6c6\",\"name\":\"laurieann\",\"image\":{\"@type\":\"ImageObject\",\"inLanguage\":\"es\",\"@id\":\"https:\/\/www.sade-cgth.fr\/#\/schema\/person\/image\/\",\"url\":\"https:\/\/secure.gravatar.com\/avatar\/c41d79d750f20704fe4ab5051a7097db?s=96&d=mm&r=g\",\"contentUrl\":\"https:\/\/secure.gravatar.com\/avatar\/c41d79d750f20704fe4ab5051a7097db?s=96&d=mm&r=g\",\"caption\":\"laurieann\"}}]}<\/script>\n<!-- \/ Yoast SEO plugin. -->","yoast_head_json":{"title":"SADE elegida dos veces en Choisy... - SADE","robots":{"index":"index","follow":"follow","max-snippet":"max-snippet:-1","max-image-preview":"max-image-preview:large","max-video-preview":"max-video-preview:-1"},"canonical":"https:\/\/www.sade-cgth.fr\/es\/blog\/geographie-es\/europe-es\/sade-elegida-dos-veces-en-choisy\/","og_locale":"es_ES","og_type":"article","og_title":"SADE elegida dos veces en Choisy... - SADE","og_description":"[vc_row][vc_column width=\u00bb1\/2&#8243;][vc_column_text css=\u00bb.vc_custom_1691736732022{margin-right: 30px !important;}\u00bb] SADE elegida dos veces en Choisy&#8230; \u00a0&#8230; para rehabilitar una importante balsa de retenci\u00f3n de vertidos accidentales de H2SO4.[\/vc_column_text][\/vc_column][vc_column width=\u00bb1\/2&#8243;][vc_single_image image=\u00bb12658&#8243; img_size=\u00bbfull\u00bb css_animation=\u00bbslideInLeft\u00bb][\/vc_column][\/vc_row][vc_row][vc_column width=\u00bb1\/2&#8243;][vc_single_image image=\u00bb12661&#8243; img_size=\u00bbfull\u00bb css=\u00bb.vc_custom_1683015090417{margin-top: 25px !important;margin-right: 30px !important;margin-left: 0px !important;}\u00bb][vc_single_image image=\u00bb12664&#8243; img_size=\u00bbfull\u00bb css=\u00bb.vc_custom_1683015103233{margin-top: 25px !important;margin-right: 30px !important;margin-left: 0px !important;}\u00bb][vc_single_image image=\u00bb13502&#8243; img_size=\u00bbfull\u00bb css=\u00bb.vc_custom_1691736703218{margin-top: 25px !important;margin-right: 30px !important;margin-left: 0px !important;}\u00bb][\/vc_column][vc_column width=\u00bb1\/2&#8243;][vc_column_text]Veolia Eau d&#8217;\u00cele-de-France (VEDIF), delegada por el Syndicat des Eaux de \u00cele-de-France (SEDIF), no s\u00f3lo es responsable de la prestaci\u00f3n del servicio p\u00fablico de agua potable, sino tambi\u00e9n del mantenimiento de las infraestructuras. En este contexto, VEDIF recurri\u00f3 a la Agencia de Obras Civiles... +","og_url":"https:\/\/www.sade-cgth.fr\/es\/blog\/geographie-es\/europe-es\/sade-elegida-dos-veces-en-choisy\/","og_site_name":"SADE","article_published_time":"2023-01-24T09:05:16+00:00","article_modified_time":"2023-08-11T06:52:16+00:00","og_image":[{"width":1920,"height":1080,"url":"https:\/\/www.sade-cgth.fr\/wp-content\/uploads\/2023\/05\/9373d9ed-2801-30ad-97a6-240f8d3819e1.jpg","type":"image\/jpeg"}],"author":"laurieann","twitter_card":"summary_large_image","twitter_creator":"@sadecgth","twitter_site":"@sadecgth","twitter_misc":{"Escrito por":"laurieann","Tiempo de lectura":"3 minutos"},"schema":{"@context":"https:\/\/schema.org","@graph":[{"@type":"Article","@id":"https:\/\/www.sade-cgth.fr\/es\/blog\/geographie-es\/europe-es\/sade-elegida-dos-veces-en-choisy\/#article","isPartOf":{"@id":"https:\/\/www.sade-cgth.fr\/es\/blog\/geographie-es\/europe-es\/sade-elegida-dos-veces-en-choisy\/"},"author":{"name":"laurieann","@id":"https:\/\/www.sade-cgth.fr\/#\/schema\/person\/16b4998c2e208c46702b7f17ebd5c6c6"},"headline":"SADE elegida dos veces en Choisy&#8230;","datePublished":"2023-01-24T09:05:16+00:00","dateModified":"2023-08-11T06:52:16+00:00","mainEntityOfPage":{"@id":"https:\/\/www.sade-cgth.fr\/es\/blog\/geographie-es\/europe-es\/sade-elegida-dos-veces-en-choisy\/"},"wordCount":514,"publisher":{"@id":"https:\/\/www.sade-cgth.fr\/#organization"},"image":{"@id":"https:\/\/www.sade-cgth.fr\/es\/blog\/geographie-es\/europe-es\/sade-elegida-dos-veces-en-choisy\/#primaryimage"},"thumbnailUrl":"https:\/\/www.sade-cgth.fr\/wp-content\/uploads\/2023\/05\/9373d9ed-2801-30ad-97a6-240f8d3819e1.jpg","articleSection":["Europa","Obras civiles","Sector p\u00fablico"],"inLanguage":"es"},{"@type":"WebPage","@id":"https:\/\/www.sade-cgth.fr\/es\/blog\/geographie-es\/europe-es\/sade-elegida-dos-veces-en-choisy\/","url":"https:\/\/www.sade-cgth.fr\/es\/blog\/geographie-es\/europe-es\/sade-elegida-dos-veces-en-choisy\/","name":"SADE elegida dos veces en Choisy... - SADE","isPartOf":{"@id":"https:\/\/www.sade-cgth.fr\/#website"},"primaryImageOfPage":{"@id":"https:\/\/www.sade-cgth.fr\/es\/blog\/geographie-es\/europe-es\/sade-elegida-dos-veces-en-choisy\/#primaryimage"},"image":{"@id":"https:\/\/www.sade-cgth.fr\/es\/blog\/geographie-es\/europe-es\/sade-elegida-dos-veces-en-choisy\/#primaryimage"},"thumbnailUrl":"https:\/\/www.sade-cgth.fr\/wp-content\/uploads\/2023\/05\/9373d9ed-2801-30ad-97a6-240f8d3819e1.jpg","datePublished":"2023-01-24T09:05:16+00:00","dateModified":"2023-08-11T06:52:16+00:00","breadcrumb":{"@id":"https:\/\/www.sade-cgth.fr\/es\/blog\/geographie-es\/europe-es\/sade-elegida-dos-veces-en-choisy\/#breadcrumb"},"inLanguage":"es","potentialAction":[{"@type":"ReadAction","target":["https:\/\/www.sade-cgth.fr\/es\/blog\/geographie-es\/europe-es\/sade-elegida-dos-veces-en-choisy\/"]}]},{"@type":"ImageObject","inLanguage":"es","@id":"https:\/\/www.sade-cgth.fr\/es\/blog\/geographie-es\/europe-es\/sade-elegida-dos-veces-en-choisy\/#primaryimage","url":"https:\/\/www.sade-cgth.fr\/wp-content\/uploads\/2023\/05\/9373d9ed-2801-30ad-97a6-240f8d3819e1.jpg","contentUrl":"https:\/\/www.sade-cgth.fr\/wp-content\/uploads\/2023\/05\/9373d9ed-2801-30ad-97a6-240f8d3819e1.jpg","width":1920,"height":1080},{"@type":"BreadcrumbList","@id":"https:\/\/www.sade-cgth.fr\/es\/blog\/geographie-es\/europe-es\/sade-elegida-dos-veces-en-choisy\/#breadcrumb","itemListElement":[{"@type":"ListItem","position":1,"name":"Accueil","item":"https:\/\/www.sade-cgth.fr\/es\/"},{"@type":"ListItem","position":2,"name":"SADE elegida dos veces en Choisy&#8230;"}]},{"@type":"WebSite","@id":"https:\/\/www.sade-cgth.fr\/#website","url":"https:\/\/www.sade-cgth.fr\/","name":"SADE","description":"","publisher":{"@id":"https:\/\/www.sade-cgth.fr\/#organization"},"potentialAction":[{"@type":"SearchAction","target":{"@type":"EntryPoint","urlTemplate":"https:\/\/www.sade-cgth.fr\/?s={search_term_string}"},"query-input":{"@type":"PropertyValueSpecification","valueRequired":true,"valueName":"search_term_string"}}],"inLanguage":"es"},{"@type":"Organization","@id":"https:\/\/www.sade-cgth.fr\/#organization","name":"La SADE","url":"https:\/\/www.sade-cgth.fr\/","logo":{"@type":"ImageObject","inLanguage":"es","@id":"https:\/\/www.sade-cgth.fr\/#\/schema\/logo\/image\/","url":"https:\/\/www.sade-cgth.fr\/wp-content\/uploads\/2020\/06\/logo-la-sade.png","contentUrl":"https:\/\/www.sade-cgth.fr\/wp-content\/uploads\/2020\/06\/logo-la-sade.png","width":330,"height":144,"caption":"La SADE"},"image":{"@id":"https:\/\/www.sade-cgth.fr\/#\/schema\/logo\/image\/"},"sameAs":["https:\/\/x.com\/sadecgth","https:\/\/www.instagram.com\/sadecgth","https:\/\/fr.linkedin.com\/company\/sade","https:\/\/www.youtube.com\/channel\/UCt0AEHEpfgRE3pADxCZvXnQ"]},{"@type":"Person","@id":"https:\/\/www.sade-cgth.fr\/#\/schema\/person\/16b4998c2e208c46702b7f17ebd5c6c6","name":"laurieann","image":{"@type":"ImageObject","inLanguage":"es","@id":"https:\/\/www.sade-cgth.fr\/#\/schema\/person\/image\/","url":"https:\/\/secure.gravatar.com\/avatar\/c41d79d750f20704fe4ab5051a7097db?s=96&d=mm&r=g","contentUrl":"https:\/\/secure.gravatar.com\/avatar\/c41d79d750f20704fe4ab5051a7097db?s=96&d=mm&r=g","caption":"laurieann"}}]}},"_links":{"self":[{"href":"https:\/\/www.sade-cgth.fr\/es\/wp-json\/wp\/v2\/posts\/13497"}],"collection":[{"href":"https:\/\/www.sade-cgth.fr\/es\/wp-json\/wp\/v2\/posts"}],"about":[{"href":"https:\/\/www.sade-cgth.fr\/es\/wp-json\/wp\/v2\/types\/post"}],"author":[{"embeddable":true,"href":"https:\/\/www.sade-cgth.fr\/es\/wp-json\/wp\/v2\/users\/8"}],"replies":[{"embeddable":true,"href":"https:\/\/www.sade-cgth.fr\/es\/wp-json\/wp\/v2\/comments?post=13497"}],"version-history":[{"count":0,"href":"https:\/\/www.sade-cgth.fr\/es\/wp-json\/wp\/v2\/posts\/13497\/revisions"}],"wp:featuredmedia":[{"embeddable":true,"href":"https:\/\/www.sade-cgth.fr\/es\/wp-json\/wp\/v2\/media\/12657"}],"wp:attachment":[{"href":"https:\/\/www.sade-cgth.fr\/es\/wp-json\/wp\/v2\/media?parent=13497"}],"wp:term":[{"taxonomy":"category","embeddable":true,"href":"https:\/\/www.sade-cgth.fr\/es\/wp-json\/wp\/v2\/categories?post=13497"},{"taxonomy":"post_tag","embeddable":true,"href":"https:\/\/www.sade-cgth.fr\/es\/wp-json\/wp\/v2\/tags?post=13497"}],"curies":[{"name":"wp","href":"https:\/\/api.w.org\/{rel}","templated":true}]}}