{"id":5707,"date":"2020-10-13T16:14:35","date_gmt":"2020-10-13T14:14:35","guid":{"rendered":"https:\/\/www.sade-cgth.fr\/blog\/2020\/10\/13\/un-nouveau-marche-constitue-de-deux-beaux-projets-au-costa-rica\/"},"modified":"2021-05-10T12:10:05","modified_gmt":"2021-05-10T10:10:05","slug":"un-nuevo-contrato-con-dos-interesantes-proyectos-en-costa-rica","status":"publish","type":"post","link":"https:\/\/www.sade-cgth.fr\/es\/blog\/geographie-es\/afrique-es\/un-nuevo-contrato-con-dos-interesantes-proyectos-en-costa-rica\/","title":{"rendered":"\u00a1Un nuevo contrato con dos interesantes proyectos en Costa Rica!"},"content":{"rendered":"<div class=\"wpb-content-wrapper\"><p>[vc_row][vc_column width=\u00bb1\/2&#8243;][vc_column_text css=\u00bb.vc_custom_1607931309671{margin-right: 30px !important;}\u00bb]<\/p>\n<h1 class=\"titrepage\">\u00a1Un nuevo contrato con dos interesantes proyectos en Costa Rica!<\/h1>\n<p><span style=\"color: #999999\"><strong>Firmado el pasado 6 de octubre, este contrato ha supuesto una gran victoria para SADE Costa Rica acompa\u00f1ada por la Direcci\u00f3n de Soporte de la DI de la sede.<\/strong><\/span>[\/vc_column_text][\/vc_column][vc_column width=\u00bb1\/2&#8243;][vc_single_image image=\u00bb10489&#8243; img_size=\u00bbfull\u00bb css_animation=\u00bbslideInLeft\u00bb][\/vc_column][\/vc_row][vc_row][vc_column width=\u00bb1\/2&#8243;][vc_single_image image=\u00bb10509&#8243; img_size=\u00bbfull\u00bb css=\u00bb.vc_custom_1620641403219{margin-top: 25px !important;margin-right: 30px !important;margin-left: 0px !important;}\u00bb][\/vc_column][vc_column width=\u00bb1\/2&#8243;][vc_column_text]<span style=\"font-weight: 400\">Aya es la empresa p\u00fablica que gestiona el servicio de agua potable y saneamiento para el 80\u00a0% de la poblaci\u00f3n de Costa Rica y, asimismo, el cliente principal de SADE Costa Rica.<\/span><\/p>\n<p><span style=\"font-weight: 400\">Acaba de adjudicar a SADE el proyecto de ampliaci\u00f3n de la red m\u00e1s importante que se ha llevado a cabo nunca: un gigantesco proyecto para la recogida y el tratamiento de aguas residuales para m\u00e1s de un mill\u00f3n de usuarios de la capital del pa\u00eds, San Jos\u00e9, que permitir\u00e1 preservar los r\u00edos del vertido de aguas residuales al medio natural y aumentar el caudal de la planta de tratamiento de aguas residuales de los Tajos de los actuales 4300 l\/s a 5330 l\/s para el 2025.<\/span><\/p>\n<p><span style=\"font-weight: 400\">Asimismo, se le ha adjudicado su primer contrato de rehabilitaci\u00f3n de colectores sin zanja (revestimiento).<\/span><\/p>\n<p><strong>Veamos de cerca el primer proyecto de ampliaci\u00f3n, sustituci\u00f3n y rehabilitaci\u00f3n de la red de aguas residuales<\/strong><\/p>\n<ul>\n<li><span style=\"font-weight: 400\">32 meses <\/span><\/li>\n<li>37 millones de d\u00f3lares americanos<\/li>\n<li><span style=\"font-weight: 400\">16 km de conductos instalados con zanjas abiertas<\/span><\/li>\n<li><span style=\"font-weight: 400\">4,8 km de conductos instalados con microtuneladora (600 mm)<\/span><\/li>\n<li><span style=\"font-weight: 400\">14 puentes met\u00e1licos (soporte de los conductos) para franquear r\u00edos o barrancos<\/span><\/li>\n<\/ul>\n<p><strong>Veamos de cerca el segundo proyecto de rehabilitaci\u00f3n de colectores de aguas residuales<\/strong><\/p>\n<ul>\n<li><span style=\"font-weight: 400\">30 meses<br \/>\n<\/span><span style=\"font-weight: 400\">8 millones de d\u00f3lares americanos<br \/>\n<\/span><span style=\"font-weight: 400\">9,8 km de conductos rehabilitados<br \/>\n<\/span><span style=\"font-weight: 400\">25 000 inspecciones por v\u00eddeo<\/span><\/li>\n<\/ul>\n<p><span style=\"font-weight: 400\">Para llevar a cabo estos proyectos que se iniciar\u00e1n en noviembre de 2020, SADE contratar\u00e1 a unos 300 trabajadores.<\/span>[\/vc_column_text][\/vc_column][\/vc_row]<\/p>\n<!-- WPMSNGI:: This input got made by wpms-network-global-inserts It is a WordPress Plugin, you will find your Plugins @ www.wordpress.org ... Information about the Plugin you will find @ www.ruben-storm.de Thank you for using this Plungin--><\/div>","protected":false},"excerpt":{"rendered":"[vc_row][vc_column width=\u00bb1\/2&#8243;][vc_column_text css=\u00bb.vc_custom_1607931309671{margin-right: 30px !important;}\u00bb] \u00a1Un nuevo contrato con dos interesantes proyectos en Costa Rica! Firmado el pasado 6 de octubre, este contrato ha supuesto una gran victoria para SADE Costa Rica acompa\u00f1ada por la Direcci\u00f3n de Soporte de la DI de la sede.[\/vc_column_text][\/vc_column][vc_column width=\u00bb1\/2&#8243;][vc_single_image image=\u00bb10489&#8243; img_size=\u00bbfull\u00bb css_animation=\u00bbslideInLeft\u00bb][\/vc_column][\/vc_row][vc_row][vc_column width=\u00bb1\/2&#8243;][vc_single_image image=\u00bb10509&#8243; img_size=\u00bbfull\u00bb css=\u00bb.vc_custom_1620641403219{margin-top: 25px !important;margin-right: 30px !important;margin-left: 0px !important;}\u00bb][\/vc_column][vc_column width=\u00bb1\/2&#8243;][vc_column_text]Aya es la empresa p\u00fablica que gestiona el servicio de agua potable y saneamiento para el 80\u00a0% de la poblaci\u00f3n de Costa Rica y, asimismo, el cliente principal de SADE Costa Rica. Acaba de adjudicar a SADE el proyecto de ampliaci\u00f3n de&#8230; <div class=\"liresuite\"><a class=\"view-article\" href=\"https:\/\/www.sade-cgth.fr\/es\/blog\/geographie-es\/afrique-es\/un-nuevo-contrato-con-dos-interesantes-proyectos-en-costa-rica\/\">+<\/a><\/div>","protected":false},"author":8,"featured_media":10489,"comment_status":"closed","ping_status":"closed","sticky":false,"template":"","format":"standard","meta":{"footnotes":""},"categories":[63,64,65,62,55,66,67,68,69,56,70,71,59,72,73],"tags":[],"class_list":["post-5707","post","type-post","status-publish","format-standard","has-post-thumbnail","hentry","category-geographie-es","category-amerique-es","category-asie-es","category-europe-es","category-afrique-es","category-toutes-les-zones-es","category-metiers-es","category-reseaux-d-eau-es","category-reseaux-d-energie-es","category-genie-civil-es","category-tous-les-metiers-es","category-secteur-es","category-public-es","category-industriels-es","category-tous-secteurs-es"],"yoast_head":"<!-- This site is optimized with the Yoast SEO plugin v24.6 - https:\/\/yoast.com\/wordpress\/plugins\/seo\/ -->\n<title>\u00a1Un nuevo contrato con dos interesantes proyectos en Costa Rica! - SADE<\/title>\n<meta name=\"robots\" content=\"index, follow, max-snippet:-1, max-image-preview:large, max-video-preview:-1\" \/>\n<link rel=\"canonical\" href=\"https:\/\/www.sade-cgth.fr\/es\/blog\/geographie-es\/afrique-es\/un-nuevo-contrato-con-dos-interesantes-proyectos-en-costa-rica\/\" \/>\n<meta property=\"og:locale\" content=\"es_ES\" \/>\n<meta property=\"og:type\" content=\"article\" \/>\n<meta property=\"og:title\" content=\"\u00a1Un nuevo contrato con dos interesantes proyectos en Costa Rica! - SADE\" \/>\n<meta property=\"og:description\" content=\"[vc_row][vc_column width=\u00bb1\/2&#8243;][vc_column_text css=\u00bb.vc_custom_1607931309671{margin-right: 30px !important;}\u00bb] \u00a1Un nuevo contrato con dos interesantes proyectos en Costa Rica! Firmado el pasado 6 de octubre, este contrato ha supuesto una gran victoria para SADE Costa Rica acompa\u00f1ada por la Direcci\u00f3n de Soporte de la DI de la sede.[\/vc_column_text][\/vc_column][vc_column width=\u00bb1\/2&#8243;][vc_single_image image=\u00bb10489&#8243; img_size=\u00bbfull\u00bb css_animation=\u00bbslideInLeft\u00bb][\/vc_column][\/vc_row][vc_row][vc_column width=\u00bb1\/2&#8243;][vc_single_image image=\u00bb10509&#8243; img_size=\u00bbfull\u00bb css=\u00bb.vc_custom_1620641403219{margin-top: 25px !important;margin-right: 30px !important;margin-left: 0px !important;}\u00bb][\/vc_column][vc_column width=\u00bb1\/2&#8243;][vc_column_text]Aya es la empresa p\u00fablica que gestiona el servicio de agua potable y saneamiento para el 80\u00a0% de la poblaci\u00f3n de Costa Rica y, asimismo, el cliente principal de SADE Costa Rica. Acaba de adjudicar a SADE el proyecto de ampliaci\u00f3n de... +\" \/>\n<meta property=\"og:url\" content=\"https:\/\/www.sade-cgth.fr\/es\/blog\/geographie-es\/afrique-es\/un-nuevo-contrato-con-dos-interesantes-proyectos-en-costa-rica\/\" \/>\n<meta property=\"og:site_name\" content=\"SADE\" \/>\n<meta property=\"article:published_time\" content=\"2020-10-13T14:14:35+00:00\" \/>\n<meta property=\"article:modified_time\" content=\"2021-05-10T10:10:05+00:00\" \/>\n<meta property=\"og:image\" content=\"https:\/\/www.sade-cgth.fr\/wp-content\/uploads\/2020\/10\/R_DJI_0111.jpg\" \/>\n\t<meta property=\"og:image:width\" content=\"1920\" \/>\n\t<meta property=\"og:image:height\" content=\"1080\" \/>\n\t<meta property=\"og:image:type\" content=\"image\/jpeg\" \/>\n<meta name=\"author\" content=\"laurieann\" \/>\n<meta name=\"twitter:card\" content=\"summary_large_image\" \/>\n<meta name=\"twitter:creator\" content=\"@sadecgth\" \/>\n<meta name=\"twitter:site\" content=\"@sadecgth\" \/>\n<meta name=\"twitter:label1\" content=\"Escrito por\" \/>\n\t<meta name=\"twitter:data1\" content=\"laurieann\" \/>\n\t<meta name=\"twitter:label2\" content=\"Tiempo de lectura\" \/>\n\t<meta name=\"twitter:data2\" content=\"2 minutos\" \/>\n<script type=\"application\/ld+json\" class=\"yoast-schema-graph\">{\"@context\":\"https:\/\/schema.org\",\"@graph\":[{\"@type\":\"Article\",\"@id\":\"https:\/\/www.sade-cgth.fr\/es\/blog\/geographie-es\/afrique-es\/un-nuevo-contrato-con-dos-interesantes-proyectos-en-costa-rica\/#article\",\"isPartOf\":{\"@id\":\"https:\/\/www.sade-cgth.fr\/es\/blog\/geographie-es\/afrique-es\/un-nuevo-contrato-con-dos-interesantes-proyectos-en-costa-rica\/\"},\"author\":{\"name\":\"laurieann\",\"@id\":\"https:\/\/www.sade-cgth.fr\/#\/schema\/person\/16b4998c2e208c46702b7f17ebd5c6c6\"},\"headline\":\"\u00a1Un nuevo contrato con dos interesantes proyectos en Costa Rica!\",\"datePublished\":\"2020-10-13T14:14:35+00:00\",\"dateModified\":\"2021-05-10T10:10:05+00:00\",\"mainEntityOfPage\":{\"@id\":\"https:\/\/www.sade-cgth.fr\/es\/blog\/geographie-es\/afrique-es\/un-nuevo-contrato-con-dos-interesantes-proyectos-en-costa-rica\/\"},\"wordCount\":364,\"publisher\":{\"@id\":\"https:\/\/www.sade-cgth.fr\/#organization\"},\"image\":{\"@id\":\"https:\/\/www.sade-cgth.fr\/es\/blog\/geographie-es\/afrique-es\/un-nuevo-contrato-con-dos-interesantes-proyectos-en-costa-rica\/#primaryimage\"},\"thumbnailUrl\":\"https:\/\/www.sade-cgth.fr\/wp-content\/uploads\/2020\/10\/R_DJI_0111.jpg\",\"articleSection\":[\"Geograf\u00eda\",\"Am\u00e9rica\",\"Asia\",\"Europa\",\"\u00c1frica\",\"Todas las ar\u00e9as\",\"Actividad\",\"Redes de Agua\",\"Redes de Energ\u00eda\",\"Obras civiles\",\"Todas las profesiones\",\"Sector\",\"Sector p\u00fablico\",\"Industria\",\"Todas las ar\u00e9as de actividad\"],\"inLanguage\":\"es\"},{\"@type\":\"WebPage\",\"@id\":\"https:\/\/www.sade-cgth.fr\/es\/blog\/geographie-es\/afrique-es\/un-nuevo-contrato-con-dos-interesantes-proyectos-en-costa-rica\/\",\"url\":\"https:\/\/www.sade-cgth.fr\/es\/blog\/geographie-es\/afrique-es\/un-nuevo-contrato-con-dos-interesantes-proyectos-en-costa-rica\/\",\"name\":\"\u00a1Un nuevo contrato con dos interesantes proyectos en Costa Rica! - SADE\",\"isPartOf\":{\"@id\":\"https:\/\/www.sade-cgth.fr\/#website\"},\"primaryImageOfPage\":{\"@id\":\"https:\/\/www.sade-cgth.fr\/es\/blog\/geographie-es\/afrique-es\/un-nuevo-contrato-con-dos-interesantes-proyectos-en-costa-rica\/#primaryimage\"},\"image\":{\"@id\":\"https:\/\/www.sade-cgth.fr\/es\/blog\/geographie-es\/afrique-es\/un-nuevo-contrato-con-dos-interesantes-proyectos-en-costa-rica\/#primaryimage\"},\"thumbnailUrl\":\"https:\/\/www.sade-cgth.fr\/wp-content\/uploads\/2020\/10\/R_DJI_0111.jpg\",\"datePublished\":\"2020-10-13T14:14:35+00:00\",\"dateModified\":\"2021-05-10T10:10:05+00:00\",\"breadcrumb\":{\"@id\":\"https:\/\/www.sade-cgth.fr\/es\/blog\/geographie-es\/afrique-es\/un-nuevo-contrato-con-dos-interesantes-proyectos-en-costa-rica\/#breadcrumb\"},\"inLanguage\":\"es\",\"potentialAction\":[{\"@type\":\"ReadAction\",\"target\":[\"https:\/\/www.sade-cgth.fr\/es\/blog\/geographie-es\/afrique-es\/un-nuevo-contrato-con-dos-interesantes-proyectos-en-costa-rica\/\"]}]},{\"@type\":\"ImageObject\",\"inLanguage\":\"es\",\"@id\":\"https:\/\/www.sade-cgth.fr\/es\/blog\/geographie-es\/afrique-es\/un-nuevo-contrato-con-dos-interesantes-proyectos-en-costa-rica\/#primaryimage\",\"url\":\"https:\/\/www.sade-cgth.fr\/wp-content\/uploads\/2020\/10\/R_DJI_0111.jpg\",\"contentUrl\":\"https:\/\/www.sade-cgth.fr\/wp-content\/uploads\/2020\/10\/R_DJI_0111.jpg\",\"width\":1920,\"height\":1080},{\"@type\":\"BreadcrumbList\",\"@id\":\"https:\/\/www.sade-cgth.fr\/es\/blog\/geographie-es\/afrique-es\/un-nuevo-contrato-con-dos-interesantes-proyectos-en-costa-rica\/#breadcrumb\",\"itemListElement\":[{\"@type\":\"ListItem\",\"position\":1,\"name\":\"Accueil\",\"item\":\"https:\/\/www.sade-cgth.fr\/es\/\"},{\"@type\":\"ListItem\",\"position\":2,\"name\":\"\u00a1Un nuevo contrato con dos interesantes proyectos en Costa Rica!\"}]},{\"@type\":\"WebSite\",\"@id\":\"https:\/\/www.sade-cgth.fr\/#website\",\"url\":\"https:\/\/www.sade-cgth.fr\/\",\"name\":\"SADE\",\"description\":\"\",\"publisher\":{\"@id\":\"https:\/\/www.sade-cgth.fr\/#organization\"},\"potentialAction\":[{\"@type\":\"SearchAction\",\"target\":{\"@type\":\"EntryPoint\",\"urlTemplate\":\"https:\/\/www.sade-cgth.fr\/?s={search_term_string}\"},\"query-input\":{\"@type\":\"PropertyValueSpecification\",\"valueRequired\":true,\"valueName\":\"search_term_string\"}}],\"inLanguage\":\"es\"},{\"@type\":\"Organization\",\"@id\":\"https:\/\/www.sade-cgth.fr\/#organization\",\"name\":\"La SADE\",\"url\":\"https:\/\/www.sade-cgth.fr\/\",\"logo\":{\"@type\":\"ImageObject\",\"inLanguage\":\"es\",\"@id\":\"https:\/\/www.sade-cgth.fr\/#\/schema\/logo\/image\/\",\"url\":\"https:\/\/www.sade-cgth.fr\/wp-content\/uploads\/2020\/06\/logo-la-sade.png\",\"contentUrl\":\"https:\/\/www.sade-cgth.fr\/wp-content\/uploads\/2020\/06\/logo-la-sade.png\",\"width\":330,\"height\":144,\"caption\":\"La SADE\"},\"image\":{\"@id\":\"https:\/\/www.sade-cgth.fr\/#\/schema\/logo\/image\/\"},\"sameAs\":[\"https:\/\/x.com\/sadecgth\",\"https:\/\/www.instagram.com\/sadecgth\",\"https:\/\/fr.linkedin.com\/company\/sade\",\"https:\/\/www.youtube.com\/channel\/UCt0AEHEpfgRE3pADxCZvXnQ\"]},{\"@type\":\"Person\",\"@id\":\"https:\/\/www.sade-cgth.fr\/#\/schema\/person\/16b4998c2e208c46702b7f17ebd5c6c6\",\"name\":\"laurieann\",\"image\":{\"@type\":\"ImageObject\",\"inLanguage\":\"es\",\"@id\":\"https:\/\/www.sade-cgth.fr\/#\/schema\/person\/image\/\",\"url\":\"https:\/\/secure.gravatar.com\/avatar\/c41d79d750f20704fe4ab5051a7097db?s=96&d=mm&r=g\",\"contentUrl\":\"https:\/\/secure.gravatar.com\/avatar\/c41d79d750f20704fe4ab5051a7097db?s=96&d=mm&r=g\",\"caption\":\"laurieann\"}}]}<\/script>\n<!-- \/ Yoast SEO plugin. -->","yoast_head_json":{"title":"\u00a1Un nuevo contrato con dos interesantes proyectos en Costa Rica! - SADE","robots":{"index":"index","follow":"follow","max-snippet":"max-snippet:-1","max-image-preview":"max-image-preview:large","max-video-preview":"max-video-preview:-1"},"canonical":"https:\/\/www.sade-cgth.fr\/es\/blog\/geographie-es\/afrique-es\/un-nuevo-contrato-con-dos-interesantes-proyectos-en-costa-rica\/","og_locale":"es_ES","og_type":"article","og_title":"\u00a1Un nuevo contrato con dos interesantes proyectos en Costa Rica! - SADE","og_description":"[vc_row][vc_column width=\u00bb1\/2&#8243;][vc_column_text css=\u00bb.vc_custom_1607931309671{margin-right: 30px !important;}\u00bb] \u00a1Un nuevo contrato con dos interesantes proyectos en Costa Rica! Firmado el pasado 6 de octubre, este contrato ha supuesto una gran victoria para SADE Costa Rica acompa\u00f1ada por la Direcci\u00f3n de Soporte de la DI de la sede.[\/vc_column_text][\/vc_column][vc_column width=\u00bb1\/2&#8243;][vc_single_image image=\u00bb10489&#8243; img_size=\u00bbfull\u00bb css_animation=\u00bbslideInLeft\u00bb][\/vc_column][\/vc_row][vc_row][vc_column width=\u00bb1\/2&#8243;][vc_single_image image=\u00bb10509&#8243; img_size=\u00bbfull\u00bb css=\u00bb.vc_custom_1620641403219{margin-top: 25px !important;margin-right: 30px !important;margin-left: 0px !important;}\u00bb][\/vc_column][vc_column width=\u00bb1\/2&#8243;][vc_column_text]Aya es la empresa p\u00fablica que gestiona el servicio de agua potable y saneamiento para el 80\u00a0% de la poblaci\u00f3n de Costa Rica y, asimismo, el cliente principal de SADE Costa Rica. Acaba de adjudicar a SADE el proyecto de ampliaci\u00f3n de... +","og_url":"https:\/\/www.sade-cgth.fr\/es\/blog\/geographie-es\/afrique-es\/un-nuevo-contrato-con-dos-interesantes-proyectos-en-costa-rica\/","og_site_name":"SADE","article_published_time":"2020-10-13T14:14:35+00:00","article_modified_time":"2021-05-10T10:10:05+00:00","og_image":[{"width":1920,"height":1080,"url":"https:\/\/www.sade-cgth.fr\/wp-content\/uploads\/2020\/10\/R_DJI_0111.jpg","type":"image\/jpeg"}],"author":"laurieann","twitter_card":"summary_large_image","twitter_creator":"@sadecgth","twitter_site":"@sadecgth","twitter_misc":{"Escrito por":"laurieann","Tiempo de lectura":"2 minutos"},"schema":{"@context":"https:\/\/schema.org","@graph":[{"@type":"Article","@id":"https:\/\/www.sade-cgth.fr\/es\/blog\/geographie-es\/afrique-es\/un-nuevo-contrato-con-dos-interesantes-proyectos-en-costa-rica\/#article","isPartOf":{"@id":"https:\/\/www.sade-cgth.fr\/es\/blog\/geographie-es\/afrique-es\/un-nuevo-contrato-con-dos-interesantes-proyectos-en-costa-rica\/"},"author":{"name":"laurieann","@id":"https:\/\/www.sade-cgth.fr\/#\/schema\/person\/16b4998c2e208c46702b7f17ebd5c6c6"},"headline":"\u00a1Un nuevo contrato con dos interesantes proyectos en Costa Rica!","datePublished":"2020-10-13T14:14:35+00:00","dateModified":"2021-05-10T10:10:05+00:00","mainEntityOfPage":{"@id":"https:\/\/www.sade-cgth.fr\/es\/blog\/geographie-es\/afrique-es\/un-nuevo-contrato-con-dos-interesantes-proyectos-en-costa-rica\/"},"wordCount":364,"publisher":{"@id":"https:\/\/www.sade-cgth.fr\/#organization"},"image":{"@id":"https:\/\/www.sade-cgth.fr\/es\/blog\/geographie-es\/afrique-es\/un-nuevo-contrato-con-dos-interesantes-proyectos-en-costa-rica\/#primaryimage"},"thumbnailUrl":"https:\/\/www.sade-cgth.fr\/wp-content\/uploads\/2020\/10\/R_DJI_0111.jpg","articleSection":["Geograf\u00eda","Am\u00e9rica","Asia","Europa","\u00c1frica","Todas las ar\u00e9as","Actividad","Redes de Agua","Redes de Energ\u00eda","Obras civiles","Todas las profesiones","Sector","Sector p\u00fablico","Industria","Todas las ar\u00e9as de actividad"],"inLanguage":"es"},{"@type":"WebPage","@id":"https:\/\/www.sade-cgth.fr\/es\/blog\/geographie-es\/afrique-es\/un-nuevo-contrato-con-dos-interesantes-proyectos-en-costa-rica\/","url":"https:\/\/www.sade-cgth.fr\/es\/blog\/geographie-es\/afrique-es\/un-nuevo-contrato-con-dos-interesantes-proyectos-en-costa-rica\/","name":"\u00a1Un nuevo contrato con dos interesantes proyectos en Costa Rica! - SADE","isPartOf":{"@id":"https:\/\/www.sade-cgth.fr\/#website"},"primaryImageOfPage":{"@id":"https:\/\/www.sade-cgth.fr\/es\/blog\/geographie-es\/afrique-es\/un-nuevo-contrato-con-dos-interesantes-proyectos-en-costa-rica\/#primaryimage"},"image":{"@id":"https:\/\/www.sade-cgth.fr\/es\/blog\/geographie-es\/afrique-es\/un-nuevo-contrato-con-dos-interesantes-proyectos-en-costa-rica\/#primaryimage"},"thumbnailUrl":"https:\/\/www.sade-cgth.fr\/wp-content\/uploads\/2020\/10\/R_DJI_0111.jpg","datePublished":"2020-10-13T14:14:35+00:00","dateModified":"2021-05-10T10:10:05+00:00","breadcrumb":{"@id":"https:\/\/www.sade-cgth.fr\/es\/blog\/geographie-es\/afrique-es\/un-nuevo-contrato-con-dos-interesantes-proyectos-en-costa-rica\/#breadcrumb"},"inLanguage":"es","potentialAction":[{"@type":"ReadAction","target":["https:\/\/www.sade-cgth.fr\/es\/blog\/geographie-es\/afrique-es\/un-nuevo-contrato-con-dos-interesantes-proyectos-en-costa-rica\/"]}]},{"@type":"ImageObject","inLanguage":"es","@id":"https:\/\/www.sade-cgth.fr\/es\/blog\/geographie-es\/afrique-es\/un-nuevo-contrato-con-dos-interesantes-proyectos-en-costa-rica\/#primaryimage","url":"https:\/\/www.sade-cgth.fr\/wp-content\/uploads\/2020\/10\/R_DJI_0111.jpg","contentUrl":"https:\/\/www.sade-cgth.fr\/wp-content\/uploads\/2020\/10\/R_DJI_0111.jpg","width":1920,"height":1080},{"@type":"BreadcrumbList","@id":"https:\/\/www.sade-cgth.fr\/es\/blog\/geographie-es\/afrique-es\/un-nuevo-contrato-con-dos-interesantes-proyectos-en-costa-rica\/#breadcrumb","itemListElement":[{"@type":"ListItem","position":1,"name":"Accueil","item":"https:\/\/www.sade-cgth.fr\/es\/"},{"@type":"ListItem","position":2,"name":"\u00a1Un nuevo contrato con dos interesantes proyectos en Costa Rica!"}]},{"@type":"WebSite","@id":"https:\/\/www.sade-cgth.fr\/#website","url":"https:\/\/www.sade-cgth.fr\/","name":"SADE","description":"","publisher":{"@id":"https:\/\/www.sade-cgth.fr\/#organization"},"potentialAction":[{"@type":"SearchAction","target":{"@type":"EntryPoint","urlTemplate":"https:\/\/www.sade-cgth.fr\/?s={search_term_string}"},"query-input":{"@type":"PropertyValueSpecification","valueRequired":true,"valueName":"search_term_string"}}],"inLanguage":"es"},{"@type":"Organization","@id":"https:\/\/www.sade-cgth.fr\/#organization","name":"La SADE","url":"https:\/\/www.sade-cgth.fr\/","logo":{"@type":"ImageObject","inLanguage":"es","@id":"https:\/\/www.sade-cgth.fr\/#\/schema\/logo\/image\/","url":"https:\/\/www.sade-cgth.fr\/wp-content\/uploads\/2020\/06\/logo-la-sade.png","contentUrl":"https:\/\/www.sade-cgth.fr\/wp-content\/uploads\/2020\/06\/logo-la-sade.png","width":330,"height":144,"caption":"La SADE"},"image":{"@id":"https:\/\/www.sade-cgth.fr\/#\/schema\/logo\/image\/"},"sameAs":["https:\/\/x.com\/sadecgth","https:\/\/www.instagram.com\/sadecgth","https:\/\/fr.linkedin.com\/company\/sade","https:\/\/www.youtube.com\/channel\/UCt0AEHEpfgRE3pADxCZvXnQ"]},{"@type":"Person","@id":"https:\/\/www.sade-cgth.fr\/#\/schema\/person\/16b4998c2e208c46702b7f17ebd5c6c6","name":"laurieann","image":{"@type":"ImageObject","inLanguage":"es","@id":"https:\/\/www.sade-cgth.fr\/#\/schema\/person\/image\/","url":"https:\/\/secure.gravatar.com\/avatar\/c41d79d750f20704fe4ab5051a7097db?s=96&d=mm&r=g","contentUrl":"https:\/\/secure.gravatar.com\/avatar\/c41d79d750f20704fe4ab5051a7097db?s=96&d=mm&r=g","caption":"laurieann"}}]}},"_links":{"self":[{"href":"https:\/\/www.sade-cgth.fr\/es\/wp-json\/wp\/v2\/posts\/5707"}],"collection":[{"href":"https:\/\/www.sade-cgth.fr\/es\/wp-json\/wp\/v2\/posts"}],"about":[{"href":"https:\/\/www.sade-cgth.fr\/es\/wp-json\/wp\/v2\/types\/post"}],"author":[{"embeddable":true,"href":"https:\/\/www.sade-cgth.fr\/es\/wp-json\/wp\/v2\/users\/8"}],"replies":[{"embeddable":true,"href":"https:\/\/www.sade-cgth.fr\/es\/wp-json\/wp\/v2\/comments?post=5707"}],"version-history":[{"count":0,"href":"https:\/\/www.sade-cgth.fr\/es\/wp-json\/wp\/v2\/posts\/5707\/revisions"}],"wp:featuredmedia":[{"embeddable":true,"href":"https:\/\/www.sade-cgth.fr\/es\/wp-json\/wp\/v2\/media\/10489"}],"wp:attachment":[{"href":"https:\/\/www.sade-cgth.fr\/es\/wp-json\/wp\/v2\/media?parent=5707"}],"wp:term":[{"taxonomy":"category","embeddable":true,"href":"https:\/\/www.sade-cgth.fr\/es\/wp-json\/wp\/v2\/categories?post=5707"},{"taxonomy":"post_tag","embeddable":true,"href":"https:\/\/www.sade-cgth.fr\/es\/wp-json\/wp\/v2\/tags?post=5707"}],"curies":[{"name":"wp","href":"https:\/\/api.w.org\/{rel}","templated":true}]}}