{"id":7582,"date":"2020-09-07T13:33:27","date_gmt":"2020-09-07T11:33:27","guid":{"rendered":"https:\/\/www.sade-cgth.fr\/blog\/2020\/09\/07\/la-sade-dans-le-bassin-du-cercle-des-nageurs-dantibes\/"},"modified":"2021-01-07T12:24:47","modified_gmt":"2021-01-07T11:24:47","slug":"sade-en-la-piscina-del-circulo-de-nadadores-de-antibes","status":"publish","type":"post","link":"https:\/\/www.sade-cgth.fr\/es\/blog\/geographie-es\/europe-es\/sade-en-la-piscina-del-circulo-de-nadadores-de-antibes\/","title":{"rendered":"SADE en la piscina del C\u00edrculo de Nadadores de Antibes&#8230;"},"content":{"rendered":"<div class=\"wpb-content-wrapper\"><p>[vc_row][vc_column width=\u00bb2\/3&#8243;][vc_column_text css=\u00bb.vc_custom_1610018602531{margin-right: 20px !important;}\u00bb]<span style=\"color: #999999\"><b>Esta f\u00e1brica de campeones recibe calor gracias a las redes de saneamiento.<\/b><\/span><\/p>\n<p><span style=\"color: #999999\"><b>La Agencia de Niza (DR Sur) colabora con Veolia en la instalaci\u00f3n de sistemas Energido en la Costa Azul. Dos a\u00f1os despu\u00e9s de la primera obra en Saint-Laurent-du-Var, finaliza por fin la del estadio n\u00e1utico de Antibes.<\/b><\/span><\/p>\n<h2>Una soluci\u00f3n rentable: aprovechar el calor de un colector de la ciudad<\/h2>\n<p><span style=\"font-weight: 400\">La ciudad de Antibes ha iniciado el proyecto de acondicionamiento de las instalaciones externas del estadio n\u00e1utico, con el objetivo de aprovechar la energ\u00eda contenida en las redes de saneamiento para suministrar calor a las piscinas.<\/span><\/p>\n<p><span style=\"font-weight: 400\">La soluci\u00f3n energ\u00e9tica, propuesta y aceptada, consiste en recuperar el calor almacenado en el colector de aguas residuales de la ciudad, situado en la autopista de Niza, y que pasa cerca del lugar.<\/span><\/p>\n<p><span style=\"font-weight: 400\">Veolia es la encargada de gestionar la instalaci\u00f3n en la sede del cliente, mientras que SADE garantiza las intervenciones que se llevar\u00e1n a cabo en el espacio p\u00fablico.\u00a0<\/span><\/p>\n<h2>Las obras<\/h2>\n<p><span style=\"font-weight: 400\">Las obras realizadas en la red de alimentaci\u00f3n de las piscinas exteriores entre los meses de enero y junio de 2020 han permitido derivar las aguas residuales del colector de saneamiento de la ciudad e instalar un sistema de bombeo y de intercambio de calor.<\/span><\/p>\n<p><span style=\"font-weight: 400\">La obra al detalle:\u00a0<\/span><\/p>\n<ul>\n<li style=\"font-weight: 400\"><span style=\"font-weight: 400\">Una estaci\u00f3n de bombeo<\/span><\/li>\n<li style=\"font-weight: 400\"><span style=\"font-weight: 400\">Un intercambiador de aguas residuales<\/span><\/li>\n<li style=\"font-weight: 400\"><span style=\"font-weight: 400\">Una bomba de calor agua\/agua para la producci\u00f3n de calor y fr\u00edo<\/span><\/li>\n<li style=\"font-weight: 400\"><span style=\"font-weight: 400\">Un intercambiador por placas para enfriar el agua de las piscinas<\/span><\/li>\n<li style=\"font-weight: 400\"><span style=\"font-weight: 400\">Un m\u00f3dulo de hidroacumulaci\u00f3n para almacenar el calor<\/span><\/li>\n<li style=\"font-weight: 400\"><span style=\"font-weight: 400\">Las redes hidr\u00e1ulicas correspondientes<\/span><\/li>\n<\/ul>\n<p><span style=\"font-weight: 400\">Las obras permitir\u00e1n calentar las piscinas durante el invierno y enfriarlas durante el verano. Una vez concluidas, el complejo se calentar\u00e1 a trav\u00e9s de dos sistemas de calefacci\u00f3n independientes: uno para los edificios y las piscinas interiores y otro para las piscinas exteriores.<\/span>[\/vc_column_text][vc_message style=\u00bbsquare\u00bb message_box_color=\u00bbwhite\u00bb icon_type=\u00bbentypo\u00bb css=\u00bb.vc_custom_1610018658822{margin-top: 20px !important;margin-right: 40px !important;background-color: #008bcb !important;}\u00bb icon_entypo=\u00bbentypo-icon entypo-icon-info-circled\u00bb]<span style=\"color: #ffffff\"><b>Energido: m\u00e1s referencias para SADE<\/b><\/span><\/p>\n<p><span style=\"font-weight: 400;color: #ffffff\">La pr\u00f3xima obra comenzar\u00e1 en Aulnay-sous-Bois el pr\u00f3ximo 31 de agosto. La responsabilidad de la obra es de la agencia de Argenteuil (DR IDF), que colocar\u00e1 una estaci\u00f3n de recuperaci\u00f3n de aguas residuales y garantizar\u00e1 su conexi\u00f3n a la red de saneamiento municipal. La Agencia de Argenteuil realizar\u00e1 tambi\u00e9n la fosa de bombeo que permitir\u00e1 alimentar los intercambiadores que se instalar\u00e1n en una sala de equipos del centro acu\u00e1tico.\u00a0<\/span><\/p>\n<p><span style=\"font-weight: 400;color: #ffffff\">Veolia, al frente del proyecto, gestionar\u00e1 a continuaci\u00f3n la instalaci\u00f3n del dispositivo en la sede del centro acu\u00e1tico de Aulnay-sous-Bois, dise\u00f1ado para ser el centro de entrenamiento de los Juegos Ol\u00edmpicos que se celebrar\u00e1n en el 2024. Esta recuperaci\u00f3n garantizar\u00e1 como m\u00ednimo el 30\u00a0% del consumo energ\u00e9tico del centro acu\u00e1tico.<\/span>[\/vc_message][\/vc_column][vc_column width=\u00bb1\/3&#8243;][vc_message style=\u00bbsquare\u00bb message_box_color=\u00bbwhite\u00bb icon_type=\u00bbentypo\u00bb css=\u00bb.vc_custom_1610018678517{margin-bottom: 35px !important;border-bottom-width: 0px !important;background-color: #008bcb !important;border-bottom-color: #008bcb !important;border-bottom-style: solid !important;}\u00bb icon_entypo=\u00bbentypo-icon entypo-icon-info-circled\u00bb]<span style=\"color: #ffffff\"><b>El procedimiento Energido<\/b><\/span><\/p>\n<p><span style=\"font-weight: 400;color: #ffffff\">Esta soluci\u00f3n consiste en desviar una parte de las aguas residuales hacia un intercambiador t\u00e9rmico con la finalidad de transferir la energ\u00eda que contienen hacia un fluido t\u00e9rmico. Las calor\u00edas recuperadas con este sistema se desv\u00edan hacia una bomba de calor reversible capaz de restituir la energ\u00eda para alimentar la red de calor y fr\u00edo. Los proyectos presentados permiten, por ejemplo, mantener las piscinas y el aire de las piscinas a la temperatura ambiente.<\/span>[\/vc_message][vc_images_carousel images=\u00bb2634,2635,2636,2637,2638,2639&#8243; img_size=\u00bb427&#215;521&#8243; speed=\u00bb3000&#8243; autoplay=\u00bbyes\u00bb wrap=\u00bbyes\u00bb][vc_single_image image=\u00bb2735&#8243; img_size=\u00bbfull\u00bb css=\u00bb.vc_custom_1599482644768{margin-top: 30px !important;}\u00bb][\/vc_column][\/vc_row][vc_row][vc_column width=\u00bb2\/3&#8243; css=\u00bb.vc_custom_1598363171973{margin-top: 20px !important;}\u00bb][\/vc_column][vc_column width=\u00bb1\/3&#8243;][\/vc_column][\/vc_row]<\/p>\n<!-- WPMSNGI:: This input got made by wpms-network-global-inserts It is a WordPress Plugin, you will find your Plugins @ www.wordpress.org ... Information about the Plugin you will find @ www.ruben-storm.de Thank you for using this Plungin--><\/div>","protected":false},"excerpt":{"rendered":"[vc_row][vc_column width=\u00bb2\/3&#8243;][vc_column_text css=\u00bb.vc_custom_1610018602531{margin-right: 20px !important;}\u00bb]Esta f\u00e1brica de campeones recibe calor gracias a las redes de saneamiento. La Agencia de Niza (DR Sur) colabora con Veolia en la instalaci\u00f3n de sistemas Energido en la Costa Azul. Dos a\u00f1os despu\u00e9s de la primera obra en Saint-Laurent-du-Var, finaliza por fin la del estadio n\u00e1utico de Antibes. Una soluci\u00f3n rentable: aprovechar el calor de un colector de la ciudad La ciudad de Antibes ha iniciado el proyecto de acondicionamiento de las instalaciones externas del estadio n\u00e1utico, con el objetivo de aprovechar la energ\u00eda contenida en las redes de saneamiento para suministrar calor a las&#8230; <div class=\"liresuite\"><a class=\"view-article\" href=\"https:\/\/www.sade-cgth.fr\/es\/blog\/geographie-es\/europe-es\/sade-en-la-piscina-del-circulo-de-nadadores-de-antibes\/\">+<\/a><\/div>","protected":false},"author":8,"featured_media":7584,"comment_status":"closed","ping_status":"closed","sticky":false,"template":"","format":"standard","meta":{"footnotes":""},"categories":[77,62,69],"tags":[],"class_list":["post-7582","post","type-post","status-publish","format-standard","has-post-thumbnail","hentry","category-innovation-es","category-europe-es","category-reseaux-d-energie-es"],"yoast_head":"<!-- This site is optimized with the Yoast SEO plugin v24.6 - https:\/\/yoast.com\/wordpress\/plugins\/seo\/ -->\n<title>SADE en la piscina del C\u00edrculo de Nadadores de Antibes... - SADE<\/title>\n<meta name=\"robots\" content=\"index, follow, max-snippet:-1, max-image-preview:large, max-video-preview:-1\" \/>\n<link rel=\"canonical\" href=\"https:\/\/www.sade-cgth.fr\/es\/blog\/geographie-es\/europe-es\/sade-en-la-piscina-del-circulo-de-nadadores-de-antibes\/\" \/>\n<meta property=\"og:locale\" content=\"es_ES\" \/>\n<meta property=\"og:type\" content=\"article\" \/>\n<meta property=\"og:title\" content=\"SADE en la piscina del C\u00edrculo de Nadadores de Antibes... - SADE\" \/>\n<meta property=\"og:description\" content=\"[vc_row][vc_column width=\u00bb2\/3&#8243;][vc_column_text css=\u00bb.vc_custom_1610018602531{margin-right: 20px !important;}\u00bb]Esta f\u00e1brica de campeones recibe calor gracias a las redes de saneamiento. La Agencia de Niza (DR Sur) colabora con Veolia en la instalaci\u00f3n de sistemas Energido en la Costa Azul. Dos a\u00f1os despu\u00e9s de la primera obra en Saint-Laurent-du-Var, finaliza por fin la del estadio n\u00e1utico de Antibes. Una soluci\u00f3n rentable: aprovechar el calor de un colector de la ciudad La ciudad de Antibes ha iniciado el proyecto de acondicionamiento de las instalaciones externas del estadio n\u00e1utico, con el objetivo de aprovechar la energ\u00eda contenida en las redes de saneamiento para suministrar calor a las... +\" \/>\n<meta property=\"og:url\" content=\"https:\/\/www.sade-cgth.fr\/es\/blog\/geographie-es\/europe-es\/sade-en-la-piscina-del-circulo-de-nadadores-de-antibes\/\" \/>\n<meta property=\"og:site_name\" content=\"SADE\" \/>\n<meta property=\"article:published_time\" content=\"2020-09-07T11:33:27+00:00\" \/>\n<meta property=\"article:modified_time\" content=\"2021-01-07T11:24:47+00:00\" \/>\n<meta property=\"og:image\" content=\"https:\/\/www.sade-cgth.fr\/wp-content\/uploads\/2020\/09\/cnantibes-bassin-50m.jpg\" \/>\n\t<meta property=\"og:image:width\" content=\"1920\" \/>\n\t<meta property=\"og:image:height\" content=\"1280\" \/>\n\t<meta property=\"og:image:type\" content=\"image\/jpeg\" \/>\n<meta name=\"author\" content=\"laurieann\" \/>\n<meta name=\"twitter:card\" content=\"summary_large_image\" \/>\n<meta name=\"twitter:creator\" content=\"@sadecgth\" \/>\n<meta name=\"twitter:site\" content=\"@sadecgth\" \/>\n<meta name=\"twitter:label1\" content=\"Escrito por\" \/>\n\t<meta name=\"twitter:data1\" content=\"laurieann\" \/>\n\t<meta name=\"twitter:label2\" content=\"Tiempo de lectura\" \/>\n\t<meta name=\"twitter:data2\" content=\"3 minutos\" \/>\n<script type=\"application\/ld+json\" class=\"yoast-schema-graph\">{\"@context\":\"https:\/\/schema.org\",\"@graph\":[{\"@type\":\"Article\",\"@id\":\"https:\/\/www.sade-cgth.fr\/es\/blog\/geographie-es\/europe-es\/sade-en-la-piscina-del-circulo-de-nadadores-de-antibes\/#article\",\"isPartOf\":{\"@id\":\"https:\/\/www.sade-cgth.fr\/es\/blog\/geographie-es\/europe-es\/sade-en-la-piscina-del-circulo-de-nadadores-de-antibes\/\"},\"author\":{\"name\":\"laurieann\",\"@id\":\"https:\/\/www.sade-cgth.fr\/#\/schema\/person\/16b4998c2e208c46702b7f17ebd5c6c6\"},\"headline\":\"SADE en la piscina del C\u00edrculo de Nadadores de Antibes&#8230;\",\"datePublished\":\"2020-09-07T11:33:27+00:00\",\"dateModified\":\"2021-01-07T11:24:47+00:00\",\"mainEntityOfPage\":{\"@id\":\"https:\/\/www.sade-cgth.fr\/es\/blog\/geographie-es\/europe-es\/sade-en-la-piscina-del-circulo-de-nadadores-de-antibes\/\"},\"wordCount\":690,\"publisher\":{\"@id\":\"https:\/\/www.sade-cgth.fr\/#organization\"},\"image\":{\"@id\":\"https:\/\/www.sade-cgth.fr\/es\/blog\/geographie-es\/europe-es\/sade-en-la-piscina-del-circulo-de-nadadores-de-antibes\/#primaryimage\"},\"thumbnailUrl\":\"https:\/\/www.sade-cgth.fr\/wp-content\/uploads\/2020\/09\/cnantibes-bassin-50m.jpg\",\"articleSection\":[\"Innovaci\u00f3n\",\"Europa\",\"Redes de Energ\u00eda\"],\"inLanguage\":\"es\"},{\"@type\":\"WebPage\",\"@id\":\"https:\/\/www.sade-cgth.fr\/es\/blog\/geographie-es\/europe-es\/sade-en-la-piscina-del-circulo-de-nadadores-de-antibes\/\",\"url\":\"https:\/\/www.sade-cgth.fr\/es\/blog\/geographie-es\/europe-es\/sade-en-la-piscina-del-circulo-de-nadadores-de-antibes\/\",\"name\":\"SADE en la piscina del C\u00edrculo de Nadadores de Antibes... - SADE\",\"isPartOf\":{\"@id\":\"https:\/\/www.sade-cgth.fr\/#website\"},\"primaryImageOfPage\":{\"@id\":\"https:\/\/www.sade-cgth.fr\/es\/blog\/geographie-es\/europe-es\/sade-en-la-piscina-del-circulo-de-nadadores-de-antibes\/#primaryimage\"},\"image\":{\"@id\":\"https:\/\/www.sade-cgth.fr\/es\/blog\/geographie-es\/europe-es\/sade-en-la-piscina-del-circulo-de-nadadores-de-antibes\/#primaryimage\"},\"thumbnailUrl\":\"https:\/\/www.sade-cgth.fr\/wp-content\/uploads\/2020\/09\/cnantibes-bassin-50m.jpg\",\"datePublished\":\"2020-09-07T11:33:27+00:00\",\"dateModified\":\"2021-01-07T11:24:47+00:00\",\"breadcrumb\":{\"@id\":\"https:\/\/www.sade-cgth.fr\/es\/blog\/geographie-es\/europe-es\/sade-en-la-piscina-del-circulo-de-nadadores-de-antibes\/#breadcrumb\"},\"inLanguage\":\"es\",\"potentialAction\":[{\"@type\":\"ReadAction\",\"target\":[\"https:\/\/www.sade-cgth.fr\/es\/blog\/geographie-es\/europe-es\/sade-en-la-piscina-del-circulo-de-nadadores-de-antibes\/\"]}]},{\"@type\":\"ImageObject\",\"inLanguage\":\"es\",\"@id\":\"https:\/\/www.sade-cgth.fr\/es\/blog\/geographie-es\/europe-es\/sade-en-la-piscina-del-circulo-de-nadadores-de-antibes\/#primaryimage\",\"url\":\"https:\/\/www.sade-cgth.fr\/wp-content\/uploads\/2020\/09\/cnantibes-bassin-50m.jpg\",\"contentUrl\":\"https:\/\/www.sade-cgth.fr\/wp-content\/uploads\/2020\/09\/cnantibes-bassin-50m.jpg\",\"width\":1920,\"height\":1280},{\"@type\":\"BreadcrumbList\",\"@id\":\"https:\/\/www.sade-cgth.fr\/es\/blog\/geographie-es\/europe-es\/sade-en-la-piscina-del-circulo-de-nadadores-de-antibes\/#breadcrumb\",\"itemListElement\":[{\"@type\":\"ListItem\",\"position\":1,\"name\":\"Accueil\",\"item\":\"https:\/\/www.sade-cgth.fr\/es\/\"},{\"@type\":\"ListItem\",\"position\":2,\"name\":\"SADE en la piscina del C\u00edrculo de Nadadores de Antibes&#8230;\"}]},{\"@type\":\"WebSite\",\"@id\":\"https:\/\/www.sade-cgth.fr\/#website\",\"url\":\"https:\/\/www.sade-cgth.fr\/\",\"name\":\"SADE\",\"description\":\"\",\"publisher\":{\"@id\":\"https:\/\/www.sade-cgth.fr\/#organization\"},\"potentialAction\":[{\"@type\":\"SearchAction\",\"target\":{\"@type\":\"EntryPoint\",\"urlTemplate\":\"https:\/\/www.sade-cgth.fr\/?s={search_term_string}\"},\"query-input\":{\"@type\":\"PropertyValueSpecification\",\"valueRequired\":true,\"valueName\":\"search_term_string\"}}],\"inLanguage\":\"es\"},{\"@type\":\"Organization\",\"@id\":\"https:\/\/www.sade-cgth.fr\/#organization\",\"name\":\"La SADE\",\"url\":\"https:\/\/www.sade-cgth.fr\/\",\"logo\":{\"@type\":\"ImageObject\",\"inLanguage\":\"es\",\"@id\":\"https:\/\/www.sade-cgth.fr\/#\/schema\/logo\/image\/\",\"url\":\"https:\/\/www.sade-cgth.fr\/wp-content\/uploads\/2020\/06\/logo-la-sade.png\",\"contentUrl\":\"https:\/\/www.sade-cgth.fr\/wp-content\/uploads\/2020\/06\/logo-la-sade.png\",\"width\":330,\"height\":144,\"caption\":\"La SADE\"},\"image\":{\"@id\":\"https:\/\/www.sade-cgth.fr\/#\/schema\/logo\/image\/\"},\"sameAs\":[\"https:\/\/x.com\/sadecgth\",\"https:\/\/www.instagram.com\/sadecgth\",\"https:\/\/fr.linkedin.com\/company\/sade\",\"https:\/\/www.youtube.com\/channel\/UCt0AEHEpfgRE3pADxCZvXnQ\"]},{\"@type\":\"Person\",\"@id\":\"https:\/\/www.sade-cgth.fr\/#\/schema\/person\/16b4998c2e208c46702b7f17ebd5c6c6\",\"name\":\"laurieann\",\"image\":{\"@type\":\"ImageObject\",\"inLanguage\":\"es\",\"@id\":\"https:\/\/www.sade-cgth.fr\/#\/schema\/person\/image\/\",\"url\":\"https:\/\/secure.gravatar.com\/avatar\/c41d79d750f20704fe4ab5051a7097db?s=96&d=mm&r=g\",\"contentUrl\":\"https:\/\/secure.gravatar.com\/avatar\/c41d79d750f20704fe4ab5051a7097db?s=96&d=mm&r=g\",\"caption\":\"laurieann\"}}]}<\/script>\n<!-- \/ Yoast SEO plugin. -->","yoast_head_json":{"title":"SADE en la piscina del C\u00edrculo de Nadadores de Antibes... - SADE","robots":{"index":"index","follow":"follow","max-snippet":"max-snippet:-1","max-image-preview":"max-image-preview:large","max-video-preview":"max-video-preview:-1"},"canonical":"https:\/\/www.sade-cgth.fr\/es\/blog\/geographie-es\/europe-es\/sade-en-la-piscina-del-circulo-de-nadadores-de-antibes\/","og_locale":"es_ES","og_type":"article","og_title":"SADE en la piscina del C\u00edrculo de Nadadores de Antibes... - SADE","og_description":"[vc_row][vc_column width=\u00bb2\/3&#8243;][vc_column_text css=\u00bb.vc_custom_1610018602531{margin-right: 20px !important;}\u00bb]Esta f\u00e1brica de campeones recibe calor gracias a las redes de saneamiento. La Agencia de Niza (DR Sur) colabora con Veolia en la instalaci\u00f3n de sistemas Energido en la Costa Azul. Dos a\u00f1os despu\u00e9s de la primera obra en Saint-Laurent-du-Var, finaliza por fin la del estadio n\u00e1utico de Antibes. Una soluci\u00f3n rentable: aprovechar el calor de un colector de la ciudad La ciudad de Antibes ha iniciado el proyecto de acondicionamiento de las instalaciones externas del estadio n\u00e1utico, con el objetivo de aprovechar la energ\u00eda contenida en las redes de saneamiento para suministrar calor a las... +","og_url":"https:\/\/www.sade-cgth.fr\/es\/blog\/geographie-es\/europe-es\/sade-en-la-piscina-del-circulo-de-nadadores-de-antibes\/","og_site_name":"SADE","article_published_time":"2020-09-07T11:33:27+00:00","article_modified_time":"2021-01-07T11:24:47+00:00","og_image":[{"width":1920,"height":1280,"url":"https:\/\/www.sade-cgth.fr\/wp-content\/uploads\/2020\/09\/cnantibes-bassin-50m.jpg","type":"image\/jpeg"}],"author":"laurieann","twitter_card":"summary_large_image","twitter_creator":"@sadecgth","twitter_site":"@sadecgth","twitter_misc":{"Escrito por":"laurieann","Tiempo de lectura":"3 minutos"},"schema":{"@context":"https:\/\/schema.org","@graph":[{"@type":"Article","@id":"https:\/\/www.sade-cgth.fr\/es\/blog\/geographie-es\/europe-es\/sade-en-la-piscina-del-circulo-de-nadadores-de-antibes\/#article","isPartOf":{"@id":"https:\/\/www.sade-cgth.fr\/es\/blog\/geographie-es\/europe-es\/sade-en-la-piscina-del-circulo-de-nadadores-de-antibes\/"},"author":{"name":"laurieann","@id":"https:\/\/www.sade-cgth.fr\/#\/schema\/person\/16b4998c2e208c46702b7f17ebd5c6c6"},"headline":"SADE en la piscina del C\u00edrculo de Nadadores de Antibes&#8230;","datePublished":"2020-09-07T11:33:27+00:00","dateModified":"2021-01-07T11:24:47+00:00","mainEntityOfPage":{"@id":"https:\/\/www.sade-cgth.fr\/es\/blog\/geographie-es\/europe-es\/sade-en-la-piscina-del-circulo-de-nadadores-de-antibes\/"},"wordCount":690,"publisher":{"@id":"https:\/\/www.sade-cgth.fr\/#organization"},"image":{"@id":"https:\/\/www.sade-cgth.fr\/es\/blog\/geographie-es\/europe-es\/sade-en-la-piscina-del-circulo-de-nadadores-de-antibes\/#primaryimage"},"thumbnailUrl":"https:\/\/www.sade-cgth.fr\/wp-content\/uploads\/2020\/09\/cnantibes-bassin-50m.jpg","articleSection":["Innovaci\u00f3n","Europa","Redes de Energ\u00eda"],"inLanguage":"es"},{"@type":"WebPage","@id":"https:\/\/www.sade-cgth.fr\/es\/blog\/geographie-es\/europe-es\/sade-en-la-piscina-del-circulo-de-nadadores-de-antibes\/","url":"https:\/\/www.sade-cgth.fr\/es\/blog\/geographie-es\/europe-es\/sade-en-la-piscina-del-circulo-de-nadadores-de-antibes\/","name":"SADE en la piscina del C\u00edrculo de Nadadores de Antibes... - SADE","isPartOf":{"@id":"https:\/\/www.sade-cgth.fr\/#website"},"primaryImageOfPage":{"@id":"https:\/\/www.sade-cgth.fr\/es\/blog\/geographie-es\/europe-es\/sade-en-la-piscina-del-circulo-de-nadadores-de-antibes\/#primaryimage"},"image":{"@id":"https:\/\/www.sade-cgth.fr\/es\/blog\/geographie-es\/europe-es\/sade-en-la-piscina-del-circulo-de-nadadores-de-antibes\/#primaryimage"},"thumbnailUrl":"https:\/\/www.sade-cgth.fr\/wp-content\/uploads\/2020\/09\/cnantibes-bassin-50m.jpg","datePublished":"2020-09-07T11:33:27+00:00","dateModified":"2021-01-07T11:24:47+00:00","breadcrumb":{"@id":"https:\/\/www.sade-cgth.fr\/es\/blog\/geographie-es\/europe-es\/sade-en-la-piscina-del-circulo-de-nadadores-de-antibes\/#breadcrumb"},"inLanguage":"es","potentialAction":[{"@type":"ReadAction","target":["https:\/\/www.sade-cgth.fr\/es\/blog\/geographie-es\/europe-es\/sade-en-la-piscina-del-circulo-de-nadadores-de-antibes\/"]}]},{"@type":"ImageObject","inLanguage":"es","@id":"https:\/\/www.sade-cgth.fr\/es\/blog\/geographie-es\/europe-es\/sade-en-la-piscina-del-circulo-de-nadadores-de-antibes\/#primaryimage","url":"https:\/\/www.sade-cgth.fr\/wp-content\/uploads\/2020\/09\/cnantibes-bassin-50m.jpg","contentUrl":"https:\/\/www.sade-cgth.fr\/wp-content\/uploads\/2020\/09\/cnantibes-bassin-50m.jpg","width":1920,"height":1280},{"@type":"BreadcrumbList","@id":"https:\/\/www.sade-cgth.fr\/es\/blog\/geographie-es\/europe-es\/sade-en-la-piscina-del-circulo-de-nadadores-de-antibes\/#breadcrumb","itemListElement":[{"@type":"ListItem","position":1,"name":"Accueil","item":"https:\/\/www.sade-cgth.fr\/es\/"},{"@type":"ListItem","position":2,"name":"SADE en la piscina del C\u00edrculo de Nadadores de Antibes&#8230;"}]},{"@type":"WebSite","@id":"https:\/\/www.sade-cgth.fr\/#website","url":"https:\/\/www.sade-cgth.fr\/","name":"SADE","description":"","publisher":{"@id":"https:\/\/www.sade-cgth.fr\/#organization"},"potentialAction":[{"@type":"SearchAction","target":{"@type":"EntryPoint","urlTemplate":"https:\/\/www.sade-cgth.fr\/?s={search_term_string}"},"query-input":{"@type":"PropertyValueSpecification","valueRequired":true,"valueName":"search_term_string"}}],"inLanguage":"es"},{"@type":"Organization","@id":"https:\/\/www.sade-cgth.fr\/#organization","name":"La SADE","url":"https:\/\/www.sade-cgth.fr\/","logo":{"@type":"ImageObject","inLanguage":"es","@id":"https:\/\/www.sade-cgth.fr\/#\/schema\/logo\/image\/","url":"https:\/\/www.sade-cgth.fr\/wp-content\/uploads\/2020\/06\/logo-la-sade.png","contentUrl":"https:\/\/www.sade-cgth.fr\/wp-content\/uploads\/2020\/06\/logo-la-sade.png","width":330,"height":144,"caption":"La SADE"},"image":{"@id":"https:\/\/www.sade-cgth.fr\/#\/schema\/logo\/image\/"},"sameAs":["https:\/\/x.com\/sadecgth","https:\/\/www.instagram.com\/sadecgth","https:\/\/fr.linkedin.com\/company\/sade","https:\/\/www.youtube.com\/channel\/UCt0AEHEpfgRE3pADxCZvXnQ"]},{"@type":"Person","@id":"https:\/\/www.sade-cgth.fr\/#\/schema\/person\/16b4998c2e208c46702b7f17ebd5c6c6","name":"laurieann","image":{"@type":"ImageObject","inLanguage":"es","@id":"https:\/\/www.sade-cgth.fr\/#\/schema\/person\/image\/","url":"https:\/\/secure.gravatar.com\/avatar\/c41d79d750f20704fe4ab5051a7097db?s=96&d=mm&r=g","contentUrl":"https:\/\/secure.gravatar.com\/avatar\/c41d79d750f20704fe4ab5051a7097db?s=96&d=mm&r=g","caption":"laurieann"}}]}},"_links":{"self":[{"href":"https:\/\/www.sade-cgth.fr\/es\/wp-json\/wp\/v2\/posts\/7582"}],"collection":[{"href":"https:\/\/www.sade-cgth.fr\/es\/wp-json\/wp\/v2\/posts"}],"about":[{"href":"https:\/\/www.sade-cgth.fr\/es\/wp-json\/wp\/v2\/types\/post"}],"author":[{"embeddable":true,"href":"https:\/\/www.sade-cgth.fr\/es\/wp-json\/wp\/v2\/users\/8"}],"replies":[{"embeddable":true,"href":"https:\/\/www.sade-cgth.fr\/es\/wp-json\/wp\/v2\/comments?post=7582"}],"version-history":[{"count":0,"href":"https:\/\/www.sade-cgth.fr\/es\/wp-json\/wp\/v2\/posts\/7582\/revisions"}],"wp:featuredmedia":[{"embeddable":true,"href":"https:\/\/www.sade-cgth.fr\/es\/wp-json\/wp\/v2\/media\/7584"}],"wp:attachment":[{"href":"https:\/\/www.sade-cgth.fr\/es\/wp-json\/wp\/v2\/media?parent=7582"}],"wp:term":[{"taxonomy":"category","embeddable":true,"href":"https:\/\/www.sade-cgth.fr\/es\/wp-json\/wp\/v2\/categories?post=7582"},{"taxonomy":"post_tag","embeddable":true,"href":"https:\/\/www.sade-cgth.fr\/es\/wp-json\/wp\/v2\/tags?post=7582"}],"curies":[{"name":"wp","href":"https:\/\/api.w.org\/{rel}","templated":true}]}}