{"id":8054,"date":"2021-01-08T13:49:14","date_gmt":"2021-01-08T12:49:14","guid":{"rendered":"https:\/\/www.sade-cgth.fr\/?p=8054"},"modified":"2021-05-27T14:15:11","modified_gmt":"2021-05-27T12:15:11","slug":"el-puerto-de-calais-se-une-a-la-red-colectiva","status":"publish","type":"post","link":"https:\/\/www.sade-cgth.fr\/es\/blog\/geographie-es\/afrique-es\/el-puerto-de-calais-se-une-a-la-red-colectiva\/","title":{"rendered":"El puerto de Calais se une a la red colectiva"},"content":{"rendered":"<div class=\"wpb-content-wrapper\"><p>[vc_row][vc_column width=\u00bb2\/3&#8243;][vc_column_text css=\u00bb.vc_custom_1611838146496{margin-right: 20px !important;}\u00bb]<span style=\"color: #999999;\"><strong>Construcci\u00f3n de la red de saneamiento colectivo de la terminal transmancha de Calais.<\/strong><\/span><\/p>\n<p>Para construir esta red, la Soci\u00e9t\u00e9 d&#8217;Exploitation des Ports du D\u00e9troit recurri\u00f3 a la Agencia de Boulogne-sur-Mer (DR Hauts-de-France), en asociaci\u00f3n con Veolia.<\/p>\n<h2>Cambio al saneamiento colectivo<\/h2>\n<p>Actualmente conducidas y tratadas por microestaciones, las aguas residuales de los 15 edificios de la terminal, es decir, unos 70 m3\/h, pasar\u00e1n a ser recogidas y bombeadas hacia la red colectiva de la ciudad para la pr\u00f3xima primavera. Un cambio de sistema para el que se necesitan infraestructuras adecuadas.<\/p>\n<h2>Nuevas redes<\/h2>\n<p>Los equipos de SADE construyeron 1,3 km de red gravitatoria en tuber\u00edas ensambladas de PVC CR16 \u00f8 200 con 55 pozos de registro, 1,3 km de red de bombeo de PEHD \u00f8 90 con 20 c\u00e1maras recept\u00e1culo de descargas y ventosas, y 10 estaciones de bombeo de fibra (\u00f8 1,2 m) que ser\u00e1n equipadas por Veolia. Redes y estructuras instaladas a profundidades que van de 1,3 m a 4 m en suelos arenosos y en el l\u00edmite de la capa fre\u00e1tica.<\/p>\n<h2>Un enfoque ecorresponsable<\/h2>\n<p>Con el fin de reducir la huella medioambiental del proyecto, la arena extra\u00edda de las zanjas, clasificada como D1, fue reutilizada para el relleno. Como resultado, se evitaron 2500 m3 de nuevo material, adem\u00e1s de todo el material que no fue a parar al vertedero. Se evitaron tambi\u00e9n muchas rotaciones de camiones. Siguiendo la misma l\u00f3gica, los materiales de demolici\u00f3n de los pavimentos se trituraron in situ, y la mayor parte de las 1000 toneladas se reciclaron para pavimentaci\u00f3n.<\/p>\n<h2>Una terminal en funcionamiento<\/h2>\n<p>Este proyecto fue ejecutado en medio de la crisis sanitaria y en una terminal que no dej\u00f3 de funcionar en ning\u00fan momento, con 2500 camiones circulando de media al d\u00eda. Para garantizar la continuidad operativa de la terminal e incrementar la seguridad de nuestros trabajadores, la red de bombeo se construy\u00f3 con 10 tiros de perforaci\u00f3n dirigida, una t\u00e9cnica sin zanjas que tambi\u00e9n es respetuosa con el medio ambiente.<\/p>\n<h2>Dos etapas diferentes<\/h2>\n<p>Construidas entre julio y diciembre de 2020 por 10 trabajadores equipados con los recursos adecuados, las redes fueron sometidas a pruebas de estanqueidad con agua (bombeo, pozos de registro) o aire (gravitatorio). La calidad del relleno fue probada por penetro-densitometr\u00eda. Estas infraestructuras entrar\u00e1n en funcionamiento en la primavera de 2021 tras obtener la autorizaci\u00f3n correspondiente. En esta segunda fase, SADE remover\u00e1 las microestaciones.[\/vc_column_text][\/vc_column][vc_column width=\u00bb1\/3&#8243;][vc_message style=\u00bbsquare\u00bb message_box_color=\u00bbwhite\u00bb icon_type=\u00bbentypo\u00bb icon_entypo=\u00bbentypo-icon entypo-icon-info-circled\u00bb css=\u00bb.vc_custom_1611838093822{background-color: #008bcb !important;}\u00bb]<span style=\"color: #ffffff;\">\u00abLa terminal transmancha del puerto de Calais es un lugar muy sensible y con una alta seguridad. Es una zona transfronteriza donde el acceso est\u00e1 muy regulado. Aqu\u00ed hemos tenido que organizarnos m\u00e1s que de costumbre, pues para acceder al lugar hay que hacer una solicitud justificada 48 h antes. Un reto m\u00e1s en esta terminal que no ha dejado de funcionar en ning\u00fan momento pese a las obras.\u00bb<\/span><\/p>\n<p><span style=\"color: #ffffff;\"><strong>Christophe DACQUIN<\/strong><\/span><br \/>\n<span style=\"color: #ffffff;\">Supervisor de obras<\/span>[\/vc_message][vc_single_image image=\u00bb8055&#8243; img_size=\u00bbfull\u00bb css=\u00bb.vc_custom_1610445600059{margin-top: 30px !important;}\u00bb][\/vc_column][\/vc_row][vc_row][vc_column width=\u00bb2\/3&#8243; css=\u00bb.vc_custom_1598363171973{margin-top: 20px !important;}\u00bb][\/vc_column][vc_column width=\u00bb1\/3&#8243;][\/vc_column][\/vc_row]<\/p>\n<!-- WPMSNGI:: This input got made by wpms-network-global-inserts It is a WordPress Plugin, you will find your Plugins @ www.wordpress.org ... Information about the Plugin you will find @ www.ruben-storm.de Thank you for using this Plungin--><\/div>","protected":false},"excerpt":{"rendered":"[vc_row][vc_column width=\u00bb2\/3&#8243;][vc_column_text css=\u00bb.vc_custom_1611838146496{margin-right: 20px !important;}\u00bb]Construcci\u00f3n de la red de saneamiento colectivo de la terminal transmancha de Calais. Para construir esta red, la Soci\u00e9t\u00e9 d&#8217;Exploitation des Ports du D\u00e9troit recurri\u00f3 a la Agencia de Boulogne-sur-Mer (DR Hauts-de-France), en asociaci\u00f3n con Veolia. Cambio al saneamiento colectivo Actualmente conducidas y tratadas por microestaciones, las aguas residuales de los 15 edificios de la terminal, es decir, unos 70 m3\/h, pasar\u00e1n a ser recogidas y bombeadas hacia la red colectiva de la ciudad para la pr\u00f3xima primavera. Un cambio de sistema para el que se necesitan infraestructuras adecuadas. Nuevas redes Los equipos de SADE construyeron&#8230; <div class=\"liresuite\"><a class=\"view-article\" href=\"https:\/\/www.sade-cgth.fr\/es\/blog\/geographie-es\/afrique-es\/el-puerto-de-calais-se-une-a-la-red-colectiva\/\">+<\/a><\/div>","protected":false},"author":8,"featured_media":8060,"comment_status":"closed","ping_status":"closed","sticky":false,"template":"","format":"standard","meta":{"footnotes":""},"categories":[55,56,59,60,61,57,58],"tags":[],"class_list":["post-8054","post","type-post","status-publish","format-standard","has-post-thumbnail","hentry","category-afrique-es","category-genie-civil-es","category-public-es","category-technique-es","category-travaux-sans-tranchee-es","category-nucleaire-es","category-rse-es"],"yoast_head":"<!-- This site is optimized with the Yoast SEO plugin v24.6 - https:\/\/yoast.com\/wordpress\/plugins\/seo\/ -->\n<title>El puerto de Calais se une a la red colectiva - SADE<\/title>\n<meta name=\"robots\" content=\"index, follow, max-snippet:-1, max-image-preview:large, max-video-preview:-1\" \/>\n<link rel=\"canonical\" href=\"https:\/\/www.sade-cgth.fr\/es\/blog\/geographie-es\/afrique-es\/el-puerto-de-calais-se-une-a-la-red-colectiva\/\" \/>\n<meta property=\"og:locale\" content=\"es_ES\" \/>\n<meta property=\"og:type\" content=\"article\" \/>\n<meta property=\"og:title\" content=\"El puerto de Calais se une a la red colectiva - SADE\" \/>\n<meta property=\"og:description\" content=\"[vc_row][vc_column width=\u00bb2\/3&#8243;][vc_column_text css=\u00bb.vc_custom_1611838146496{margin-right: 20px !important;}\u00bb]Construcci\u00f3n de la red de saneamiento colectivo de la terminal transmancha de Calais. Para construir esta red, la Soci\u00e9t\u00e9 d&#8217;Exploitation des Ports du D\u00e9troit recurri\u00f3 a la Agencia de Boulogne-sur-Mer (DR Hauts-de-France), en asociaci\u00f3n con Veolia. Cambio al saneamiento colectivo Actualmente conducidas y tratadas por microestaciones, las aguas residuales de los 15 edificios de la terminal, es decir, unos 70 m3\/h, pasar\u00e1n a ser recogidas y bombeadas hacia la red colectiva de la ciudad para la pr\u00f3xima primavera. Un cambio de sistema para el que se necesitan infraestructuras adecuadas. Nuevas redes Los equipos de SADE construyeron... +\" \/>\n<meta property=\"og:url\" content=\"https:\/\/www.sade-cgth.fr\/es\/blog\/geographie-es\/afrique-es\/el-puerto-de-calais-se-une-a-la-red-colectiva\/\" \/>\n<meta property=\"og:site_name\" content=\"SADE\" \/>\n<meta property=\"article:published_time\" content=\"2021-01-08T12:49:14+00:00\" \/>\n<meta property=\"article:modified_time\" content=\"2021-05-27T12:15:11+00:00\" \/>\n<meta property=\"og:image\" content=\"https:\/\/www.sade-cgth.fr\/wp-content\/uploads\/2021\/01\/unnamed_Calais.jpg\" \/>\n\t<meta property=\"og:image:width\" content=\"1920\" \/>\n\t<meta property=\"og:image:height\" content=\"1279\" \/>\n\t<meta property=\"og:image:type\" content=\"image\/jpeg\" \/>\n<meta name=\"author\" content=\"laurieann\" \/>\n<meta name=\"twitter:card\" content=\"summary_large_image\" \/>\n<meta name=\"twitter:creator\" content=\"@sadecgth\" \/>\n<meta name=\"twitter:site\" content=\"@sadecgth\" \/>\n<meta name=\"twitter:label1\" content=\"Escrito por\" \/>\n\t<meta name=\"twitter:data1\" content=\"laurieann\" \/>\n\t<meta name=\"twitter:label2\" content=\"Tiempo de lectura\" \/>\n\t<meta name=\"twitter:data2\" content=\"3 minutos\" \/>\n<script type=\"application\/ld+json\" class=\"yoast-schema-graph\">{\"@context\":\"https:\/\/schema.org\",\"@graph\":[{\"@type\":\"Article\",\"@id\":\"https:\/\/www.sade-cgth.fr\/es\/blog\/geographie-es\/afrique-es\/el-puerto-de-calais-se-une-a-la-red-colectiva\/#article\",\"isPartOf\":{\"@id\":\"https:\/\/www.sade-cgth.fr\/es\/blog\/geographie-es\/afrique-es\/el-puerto-de-calais-se-une-a-la-red-colectiva\/\"},\"author\":{\"name\":\"laurieann\",\"@id\":\"https:\/\/www.sade-cgth.fr\/#\/schema\/person\/16b4998c2e208c46702b7f17ebd5c6c6\"},\"headline\":\"El puerto de Calais se une a la red colectiva\",\"datePublished\":\"2021-01-08T12:49:14+00:00\",\"dateModified\":\"2021-05-27T12:15:11+00:00\",\"mainEntityOfPage\":{\"@id\":\"https:\/\/www.sade-cgth.fr\/es\/blog\/geographie-es\/afrique-es\/el-puerto-de-calais-se-une-a-la-red-colectiva\/\"},\"wordCount\":566,\"publisher\":{\"@id\":\"https:\/\/www.sade-cgth.fr\/#organization\"},\"image\":{\"@id\":\"https:\/\/www.sade-cgth.fr\/es\/blog\/geographie-es\/afrique-es\/el-puerto-de-calais-se-une-a-la-red-colectiva\/#primaryimage\"},\"thumbnailUrl\":\"https:\/\/www.sade-cgth.fr\/wp-content\/uploads\/2021\/01\/unnamed_Calais.jpg\",\"articleSection\":[\"\u00c1frica\",\"Obras civiles\",\"Sector p\u00fablico\",\"T\u00e9cnica\",\"Obras sin zanja\",\"Nuclear\",\"RSE\"],\"inLanguage\":\"es\"},{\"@type\":\"WebPage\",\"@id\":\"https:\/\/www.sade-cgth.fr\/es\/blog\/geographie-es\/afrique-es\/el-puerto-de-calais-se-une-a-la-red-colectiva\/\",\"url\":\"https:\/\/www.sade-cgth.fr\/es\/blog\/geographie-es\/afrique-es\/el-puerto-de-calais-se-une-a-la-red-colectiva\/\",\"name\":\"El puerto de Calais se une a la red colectiva - SADE\",\"isPartOf\":{\"@id\":\"https:\/\/www.sade-cgth.fr\/#website\"},\"primaryImageOfPage\":{\"@id\":\"https:\/\/www.sade-cgth.fr\/es\/blog\/geographie-es\/afrique-es\/el-puerto-de-calais-se-une-a-la-red-colectiva\/#primaryimage\"},\"image\":{\"@id\":\"https:\/\/www.sade-cgth.fr\/es\/blog\/geographie-es\/afrique-es\/el-puerto-de-calais-se-une-a-la-red-colectiva\/#primaryimage\"},\"thumbnailUrl\":\"https:\/\/www.sade-cgth.fr\/wp-content\/uploads\/2021\/01\/unnamed_Calais.jpg\",\"datePublished\":\"2021-01-08T12:49:14+00:00\",\"dateModified\":\"2021-05-27T12:15:11+00:00\",\"breadcrumb\":{\"@id\":\"https:\/\/www.sade-cgth.fr\/es\/blog\/geographie-es\/afrique-es\/el-puerto-de-calais-se-une-a-la-red-colectiva\/#breadcrumb\"},\"inLanguage\":\"es\",\"potentialAction\":[{\"@type\":\"ReadAction\",\"target\":[\"https:\/\/www.sade-cgth.fr\/es\/blog\/geographie-es\/afrique-es\/el-puerto-de-calais-se-une-a-la-red-colectiva\/\"]}]},{\"@type\":\"ImageObject\",\"inLanguage\":\"es\",\"@id\":\"https:\/\/www.sade-cgth.fr\/es\/blog\/geographie-es\/afrique-es\/el-puerto-de-calais-se-une-a-la-red-colectiva\/#primaryimage\",\"url\":\"https:\/\/www.sade-cgth.fr\/wp-content\/uploads\/2021\/01\/unnamed_Calais.jpg\",\"contentUrl\":\"https:\/\/www.sade-cgth.fr\/wp-content\/uploads\/2021\/01\/unnamed_Calais.jpg\",\"width\":1920,\"height\":1279},{\"@type\":\"BreadcrumbList\",\"@id\":\"https:\/\/www.sade-cgth.fr\/es\/blog\/geographie-es\/afrique-es\/el-puerto-de-calais-se-une-a-la-red-colectiva\/#breadcrumb\",\"itemListElement\":[{\"@type\":\"ListItem\",\"position\":1,\"name\":\"Accueil\",\"item\":\"https:\/\/www.sade-cgth.fr\/es\/\"},{\"@type\":\"ListItem\",\"position\":2,\"name\":\"El puerto de Calais se une a la red colectiva\"}]},{\"@type\":\"WebSite\",\"@id\":\"https:\/\/www.sade-cgth.fr\/#website\",\"url\":\"https:\/\/www.sade-cgth.fr\/\",\"name\":\"SADE\",\"description\":\"\",\"publisher\":{\"@id\":\"https:\/\/www.sade-cgth.fr\/#organization\"},\"potentialAction\":[{\"@type\":\"SearchAction\",\"target\":{\"@type\":\"EntryPoint\",\"urlTemplate\":\"https:\/\/www.sade-cgth.fr\/?s={search_term_string}\"},\"query-input\":{\"@type\":\"PropertyValueSpecification\",\"valueRequired\":true,\"valueName\":\"search_term_string\"}}],\"inLanguage\":\"es\"},{\"@type\":\"Organization\",\"@id\":\"https:\/\/www.sade-cgth.fr\/#organization\",\"name\":\"La SADE\",\"url\":\"https:\/\/www.sade-cgth.fr\/\",\"logo\":{\"@type\":\"ImageObject\",\"inLanguage\":\"es\",\"@id\":\"https:\/\/www.sade-cgth.fr\/#\/schema\/logo\/image\/\",\"url\":\"https:\/\/www.sade-cgth.fr\/wp-content\/uploads\/2020\/06\/logo-la-sade.png\",\"contentUrl\":\"https:\/\/www.sade-cgth.fr\/wp-content\/uploads\/2020\/06\/logo-la-sade.png\",\"width\":330,\"height\":144,\"caption\":\"La SADE\"},\"image\":{\"@id\":\"https:\/\/www.sade-cgth.fr\/#\/schema\/logo\/image\/\"},\"sameAs\":[\"https:\/\/x.com\/sadecgth\",\"https:\/\/www.instagram.com\/sadecgth\",\"https:\/\/fr.linkedin.com\/company\/sade\",\"https:\/\/www.youtube.com\/channel\/UCt0AEHEpfgRE3pADxCZvXnQ\"]},{\"@type\":\"Person\",\"@id\":\"https:\/\/www.sade-cgth.fr\/#\/schema\/person\/16b4998c2e208c46702b7f17ebd5c6c6\",\"name\":\"laurieann\",\"image\":{\"@type\":\"ImageObject\",\"inLanguage\":\"es\",\"@id\":\"https:\/\/www.sade-cgth.fr\/#\/schema\/person\/image\/\",\"url\":\"https:\/\/secure.gravatar.com\/avatar\/c41d79d750f20704fe4ab5051a7097db?s=96&d=mm&r=g\",\"contentUrl\":\"https:\/\/secure.gravatar.com\/avatar\/c41d79d750f20704fe4ab5051a7097db?s=96&d=mm&r=g\",\"caption\":\"laurieann\"}}]}<\/script>\n<!-- \/ Yoast SEO plugin. -->","yoast_head_json":{"title":"El puerto de Calais se une a la red colectiva - SADE","robots":{"index":"index","follow":"follow","max-snippet":"max-snippet:-1","max-image-preview":"max-image-preview:large","max-video-preview":"max-video-preview:-1"},"canonical":"https:\/\/www.sade-cgth.fr\/es\/blog\/geographie-es\/afrique-es\/el-puerto-de-calais-se-une-a-la-red-colectiva\/","og_locale":"es_ES","og_type":"article","og_title":"El puerto de Calais se une a la red colectiva - SADE","og_description":"[vc_row][vc_column width=\u00bb2\/3&#8243;][vc_column_text css=\u00bb.vc_custom_1611838146496{margin-right: 20px !important;}\u00bb]Construcci\u00f3n de la red de saneamiento colectivo de la terminal transmancha de Calais. Para construir esta red, la Soci\u00e9t\u00e9 d&#8217;Exploitation des Ports du D\u00e9troit recurri\u00f3 a la Agencia de Boulogne-sur-Mer (DR Hauts-de-France), en asociaci\u00f3n con Veolia. Cambio al saneamiento colectivo Actualmente conducidas y tratadas por microestaciones, las aguas residuales de los 15 edificios de la terminal, es decir, unos 70 m3\/h, pasar\u00e1n a ser recogidas y bombeadas hacia la red colectiva de la ciudad para la pr\u00f3xima primavera. Un cambio de sistema para el que se necesitan infraestructuras adecuadas. Nuevas redes Los equipos de SADE construyeron... +","og_url":"https:\/\/www.sade-cgth.fr\/es\/blog\/geographie-es\/afrique-es\/el-puerto-de-calais-se-une-a-la-red-colectiva\/","og_site_name":"SADE","article_published_time":"2021-01-08T12:49:14+00:00","article_modified_time":"2021-05-27T12:15:11+00:00","og_image":[{"width":1920,"height":1279,"url":"https:\/\/www.sade-cgth.fr\/wp-content\/uploads\/2021\/01\/unnamed_Calais.jpg","type":"image\/jpeg"}],"author":"laurieann","twitter_card":"summary_large_image","twitter_creator":"@sadecgth","twitter_site":"@sadecgth","twitter_misc":{"Escrito por":"laurieann","Tiempo de lectura":"3 minutos"},"schema":{"@context":"https:\/\/schema.org","@graph":[{"@type":"Article","@id":"https:\/\/www.sade-cgth.fr\/es\/blog\/geographie-es\/afrique-es\/el-puerto-de-calais-se-une-a-la-red-colectiva\/#article","isPartOf":{"@id":"https:\/\/www.sade-cgth.fr\/es\/blog\/geographie-es\/afrique-es\/el-puerto-de-calais-se-une-a-la-red-colectiva\/"},"author":{"name":"laurieann","@id":"https:\/\/www.sade-cgth.fr\/#\/schema\/person\/16b4998c2e208c46702b7f17ebd5c6c6"},"headline":"El puerto de Calais se une a la red colectiva","datePublished":"2021-01-08T12:49:14+00:00","dateModified":"2021-05-27T12:15:11+00:00","mainEntityOfPage":{"@id":"https:\/\/www.sade-cgth.fr\/es\/blog\/geographie-es\/afrique-es\/el-puerto-de-calais-se-une-a-la-red-colectiva\/"},"wordCount":566,"publisher":{"@id":"https:\/\/www.sade-cgth.fr\/#organization"},"image":{"@id":"https:\/\/www.sade-cgth.fr\/es\/blog\/geographie-es\/afrique-es\/el-puerto-de-calais-se-une-a-la-red-colectiva\/#primaryimage"},"thumbnailUrl":"https:\/\/www.sade-cgth.fr\/wp-content\/uploads\/2021\/01\/unnamed_Calais.jpg","articleSection":["\u00c1frica","Obras civiles","Sector p\u00fablico","T\u00e9cnica","Obras sin zanja","Nuclear","RSE"],"inLanguage":"es"},{"@type":"WebPage","@id":"https:\/\/www.sade-cgth.fr\/es\/blog\/geographie-es\/afrique-es\/el-puerto-de-calais-se-une-a-la-red-colectiva\/","url":"https:\/\/www.sade-cgth.fr\/es\/blog\/geographie-es\/afrique-es\/el-puerto-de-calais-se-une-a-la-red-colectiva\/","name":"El puerto de Calais se une a la red colectiva - SADE","isPartOf":{"@id":"https:\/\/www.sade-cgth.fr\/#website"},"primaryImageOfPage":{"@id":"https:\/\/www.sade-cgth.fr\/es\/blog\/geographie-es\/afrique-es\/el-puerto-de-calais-se-une-a-la-red-colectiva\/#primaryimage"},"image":{"@id":"https:\/\/www.sade-cgth.fr\/es\/blog\/geographie-es\/afrique-es\/el-puerto-de-calais-se-une-a-la-red-colectiva\/#primaryimage"},"thumbnailUrl":"https:\/\/www.sade-cgth.fr\/wp-content\/uploads\/2021\/01\/unnamed_Calais.jpg","datePublished":"2021-01-08T12:49:14+00:00","dateModified":"2021-05-27T12:15:11+00:00","breadcrumb":{"@id":"https:\/\/www.sade-cgth.fr\/es\/blog\/geographie-es\/afrique-es\/el-puerto-de-calais-se-une-a-la-red-colectiva\/#breadcrumb"},"inLanguage":"es","potentialAction":[{"@type":"ReadAction","target":["https:\/\/www.sade-cgth.fr\/es\/blog\/geographie-es\/afrique-es\/el-puerto-de-calais-se-une-a-la-red-colectiva\/"]}]},{"@type":"ImageObject","inLanguage":"es","@id":"https:\/\/www.sade-cgth.fr\/es\/blog\/geographie-es\/afrique-es\/el-puerto-de-calais-se-une-a-la-red-colectiva\/#primaryimage","url":"https:\/\/www.sade-cgth.fr\/wp-content\/uploads\/2021\/01\/unnamed_Calais.jpg","contentUrl":"https:\/\/www.sade-cgth.fr\/wp-content\/uploads\/2021\/01\/unnamed_Calais.jpg","width":1920,"height":1279},{"@type":"BreadcrumbList","@id":"https:\/\/www.sade-cgth.fr\/es\/blog\/geographie-es\/afrique-es\/el-puerto-de-calais-se-une-a-la-red-colectiva\/#breadcrumb","itemListElement":[{"@type":"ListItem","position":1,"name":"Accueil","item":"https:\/\/www.sade-cgth.fr\/es\/"},{"@type":"ListItem","position":2,"name":"El puerto de Calais se une a la red colectiva"}]},{"@type":"WebSite","@id":"https:\/\/www.sade-cgth.fr\/#website","url":"https:\/\/www.sade-cgth.fr\/","name":"SADE","description":"","publisher":{"@id":"https:\/\/www.sade-cgth.fr\/#organization"},"potentialAction":[{"@type":"SearchAction","target":{"@type":"EntryPoint","urlTemplate":"https:\/\/www.sade-cgth.fr\/?s={search_term_string}"},"query-input":{"@type":"PropertyValueSpecification","valueRequired":true,"valueName":"search_term_string"}}],"inLanguage":"es"},{"@type":"Organization","@id":"https:\/\/www.sade-cgth.fr\/#organization","name":"La SADE","url":"https:\/\/www.sade-cgth.fr\/","logo":{"@type":"ImageObject","inLanguage":"es","@id":"https:\/\/www.sade-cgth.fr\/#\/schema\/logo\/image\/","url":"https:\/\/www.sade-cgth.fr\/wp-content\/uploads\/2020\/06\/logo-la-sade.png","contentUrl":"https:\/\/www.sade-cgth.fr\/wp-content\/uploads\/2020\/06\/logo-la-sade.png","width":330,"height":144,"caption":"La SADE"},"image":{"@id":"https:\/\/www.sade-cgth.fr\/#\/schema\/logo\/image\/"},"sameAs":["https:\/\/x.com\/sadecgth","https:\/\/www.instagram.com\/sadecgth","https:\/\/fr.linkedin.com\/company\/sade","https:\/\/www.youtube.com\/channel\/UCt0AEHEpfgRE3pADxCZvXnQ"]},{"@type":"Person","@id":"https:\/\/www.sade-cgth.fr\/#\/schema\/person\/16b4998c2e208c46702b7f17ebd5c6c6","name":"laurieann","image":{"@type":"ImageObject","inLanguage":"es","@id":"https:\/\/www.sade-cgth.fr\/#\/schema\/person\/image\/","url":"https:\/\/secure.gravatar.com\/avatar\/c41d79d750f20704fe4ab5051a7097db?s=96&d=mm&r=g","contentUrl":"https:\/\/secure.gravatar.com\/avatar\/c41d79d750f20704fe4ab5051a7097db?s=96&d=mm&r=g","caption":"laurieann"}}]}},"_links":{"self":[{"href":"https:\/\/www.sade-cgth.fr\/es\/wp-json\/wp\/v2\/posts\/8054"}],"collection":[{"href":"https:\/\/www.sade-cgth.fr\/es\/wp-json\/wp\/v2\/posts"}],"about":[{"href":"https:\/\/www.sade-cgth.fr\/es\/wp-json\/wp\/v2\/types\/post"}],"author":[{"embeddable":true,"href":"https:\/\/www.sade-cgth.fr\/es\/wp-json\/wp\/v2\/users\/8"}],"replies":[{"embeddable":true,"href":"https:\/\/www.sade-cgth.fr\/es\/wp-json\/wp\/v2\/comments?post=8054"}],"version-history":[{"count":0,"href":"https:\/\/www.sade-cgth.fr\/es\/wp-json\/wp\/v2\/posts\/8054\/revisions"}],"wp:featuredmedia":[{"embeddable":true,"href":"https:\/\/www.sade-cgth.fr\/es\/wp-json\/wp\/v2\/media\/8060"}],"wp:attachment":[{"href":"https:\/\/www.sade-cgth.fr\/es\/wp-json\/wp\/v2\/media?parent=8054"}],"wp:term":[{"taxonomy":"category","embeddable":true,"href":"https:\/\/www.sade-cgth.fr\/es\/wp-json\/wp\/v2\/categories?post=8054"},{"taxonomy":"post_tag","embeddable":true,"href":"https:\/\/www.sade-cgth.fr\/es\/wp-json\/wp\/v2\/tags?post=8054"}],"curies":[{"name":"wp","href":"https:\/\/api.w.org\/{rel}","templated":true}]}}