{"id":8137,"date":"2021-01-28T13:41:10","date_gmt":"2021-01-28T12:41:10","guid":{"rendered":"https:\/\/www.sade-cgth.fr\/?p=8137"},"modified":"2021-01-28T13:41:10","modified_gmt":"2021-01-28T12:41:10","slug":"gestionar-los-vertidos-de-aguas-residuales-de-una-planta-industrial","status":"publish","type":"post","link":"https:\/\/www.sade-cgth.fr\/es\/blog\/geographie-es\/afrique-es\/gestionar-los-vertidos-de-aguas-residuales-de-una-planta-industrial\/","title":{"rendered":"Gestionar los vertidos de aguas residuales de una planta industrial&#8230;"},"content":{"rendered":"<div class=\"wpb-content-wrapper\"><p>[vc_row][vc_column width=\u00bb2\/3&#8243;][vc_column_text css=\u00bb.vc_custom_1611837426485{margin-right: 20px !important;}\u00bb]<\/p>\n<h2>Por supuesto, \u00a1SADE puede hacerlo!<\/h2>\n<p>A ra\u00edz de una investigaci\u00f3n judicial llevada a cabo por la Oficina Francesa de la Biodiversidad (OFB, la polic\u00eda del medio ambiente), la DREAL emplaz\u00f3 a la sociedad Gelagri, con sede en Loud\u00e9ac, a solucionar sus vertidos de aguas residuales.<\/p>\n<h2>Extracto del peri\u00f3dico <em>Ouest France<\/em><\/h2>\n<p>\u00abKil\u00f3metros de arroyo contaminados\u00bb, informa Alain Marteil, presidente de la sociedad de pesca de Loud\u00e9ac (C\u00f4tes-d&#8217;Armor). \u00abSe trata de una contaminaci\u00f3n org\u00e1nica que proviene del tanque de tormenta de Calou\u00ebt y que habr\u00eda sido vertida en el Oust a su paso por la Ville L\u00e9o\u00bb, explica Jean Leveaux, vicepresidente de la sociedad de pesca de Loud\u00e9ac.<\/p>\n<h2>Las infraestructuras hidr\u00e1ulicas del cliente<\/h2>\n<p>Gelagri consume cerca de 600 000 m3 de agua al a\u00f1o, principalmente para el lavado de las verduras que procesa. Este agua se vierte seguidamente a la depuradora municipal.<\/p>\n<p>Gelagri cuenta con una planta de pretratamiento y una laguna de 6000 m3 para el almacenamiento del agua pretratada. Esta laguna consiste en un dep\u00f3sito regulador de aguas al aire libre, impermeabilizado con geomembrana (80 x 40 x 3 m), que permite controlar los picos de descarga y mantener el caudal de vertido a ritmo constante.<\/p>\n<p>Este dep\u00f3sito es precisamente el que llam\u00f3 la atenci\u00f3n de la administraci\u00f3n&#8230;<\/p>\n<h2>El problema del cliente<\/h2>\n<p>El dep\u00f3sito no es herm\u00e9tico. Su membrana est\u00e1 rota en varios puntos, lo que provoca la infiltraci\u00f3n de las aguas residuales. El sistema de drenaje de agua en la parte inferior no funciona. El dep\u00f3sito es inestable y sus taludes ya no se sostienen. La ausencia de respiraderos para liberar los gases incrementa su inestabilidad. No se puede descartar el riesgo de colapso.<\/p>\n<p>El dep\u00f3sito act\u00faa como un decantador. El lavado de vegetales genera una gran cantidad de tierra y arena. Por lo tanto, hay lodo biol\u00f3gico en el fondo y las paredes del dep\u00f3sito. Para extraerlos, se utilizan rascadores de membrana con bombeo y extracci\u00f3n manuales. Esta operaci\u00f3n, emp\u00edrica y sensible, da lugar a una extracci\u00f3n de lodo irregular.<\/p>\n<h2>La soluci\u00f3n de SADE<\/h2>\n<p>La soluci\u00f3n dise\u00f1ada por SADE Ingenier\u00eda fue inmediatamente aceptada por el cliente. El dep\u00f3sito se renovar\u00e1 con la incorporaci\u00f3n de un canal de decantaci\u00f3n espec\u00edfico.<\/p>\n<ul>\n<li>Una estructura dise\u00f1ada y construida en paredes prefabricadas para una r\u00e1pida ejecuci\u00f3n.<\/li>\n<li>Reorganizaci\u00f3n de los flujos entrantes a fin de dirigir los efluentes a un canal de hormig\u00f3n espec\u00edficamente dimensionado (77 m de largo, 4 m de ancho y 3 m de alto) para proporcionar tanto una decantaci\u00f3n eficaz como una gran capacidad de almacenamiento.<\/li>\n<li>Una instalaci\u00f3n compartimentada para garantizar la continuidad del servicio: tratamiento de efluentes mientras se mantiene la extracci\u00f3n y eliminaci\u00f3n de lodos.<\/li>\n<\/ul>\n<p>Un canal equipado con un sistema de tabiques sif\u00f3nicos e instrumentado con sensores de nivel de lodo.[\/vc_column_text][\/vc_column][vc_column width=\u00bb1\/3&#8243;][vc_message style=\u00bbsquare\u00bb message_box_color=\u00bbwhite\u00bb icon_type=\u00bbentypo\u00bb icon_entypo=\u00bbentypo-icon entypo-icon-info-circled\u00bb css=\u00bb.vc_custom_1611837662192{margin-top: 5px !important;background-color: #008bcb !important;}\u00bb]<\/p>\n<div class=\"widget-header\">\n<div class=\"widget-wrapper widget-header__wrapper widget-header__wrapper--layout-left\">\n<h2 class=\"widget-header__title\"><span style=\"color: #ffffff\">El proyecto en cifras<\/span><\/h2>\n<\/div>\n<\/div>\n<div class=\"widget-content\">\n<div class=\"widget-wrapper\">\n<div class=\"widget-transclude\">\n<div class=\"widget-html__content fr-element\" dir=\"auto\">\n<p><span style=\"color: #ffffff\">Lodos extra\u00eddos:<strong>\u00a0850 m<sup>3<\/sup><\/strong><\/span><\/p>\n<p><span style=\"color: #ffffff\">Escombros inertes retirados:<strong>\u00a02 500 t<\/strong><\/span><\/p>\n<p><span style=\"color: #ffffff\">Aportaci\u00f3n de gravas drenantes: <strong>100 t\u00a0<\/strong><\/span><\/p>\n<p><span style=\"color: #ffffff\">Aportaci\u00f3n de material limpio:\u00a0<strong>3 000 t<\/strong><\/span><\/p>\n<p><span style=\"color: #ffffff\">Aportaci\u00f3n de hormig\u00f3n:\u00a0<strong>200 m<sup>3<\/sup><\/strong><\/span><\/p>\n<p><span style=\"color: #ffffff\">Superficie de la geomembrana:\u00a0<strong>4 800 m<sup>2<\/sup><\/strong><\/span><\/p>\n<p><span style=\"color: #ffffff\">Utilizaci\u00f3n de\u00a0<strong>15 t de acero<\/strong><\/span><\/p>\n<p><span style=\"color: #ffffff\">Instalaci\u00f3n de tuber\u00edas:\u00a0<strong>200 m<\/strong>\u00a0(PVC \u00d8 300 y 400 mm)<\/span><\/p>\n<p><span style=\"color: #ffffff\">Estaci\u00f3n de elevaci\u00f3n de las aguas de drenaje:\u00a0<strong>60 m<sup>3<\/sup>\/h, a 5 m de profundidad<\/strong><\/span><\/p>\n<\/div>\n<\/div>\n<\/div>\n<\/div>\n<p>[\/vc_message][vc_single_image image=\u00bb8303&#8243; img_size=\u00bbfull\u00bb css=\u00bb.vc_custom_1610533323583{margin-top: 20px !important;}\u00bb][\/vc_column][\/vc_row][vc_row][vc_column width=\u00bb2\/3&#8243; css=\u00bb.vc_custom_1598363171973{margin-top: 20px !important;}\u00bb][\/vc_column][vc_column width=\u00bb1\/3&#8243;][\/vc_column][\/vc_row]<\/p>\n<!-- WPMSNGI:: This input got made by wpms-network-global-inserts It is a WordPress Plugin, you will find your Plugins @ www.wordpress.org ... Information about the Plugin you will find @ www.ruben-storm.de Thank you for using this Plungin--><\/div>","protected":false},"excerpt":{"rendered":"[vc_row][vc_column width=\u00bb2\/3&#8243;][vc_column_text css=\u00bb.vc_custom_1611837426485{margin-right: 20px !important;}\u00bb] Por supuesto, \u00a1SADE puede hacerlo! A ra\u00edz de una investigaci\u00f3n judicial llevada a cabo por la Oficina Francesa de la Biodiversidad (OFB, la polic\u00eda del medio ambiente), la DREAL emplaz\u00f3 a la sociedad Gelagri, con sede en Loud\u00e9ac, a solucionar sus vertidos de aguas residuales. Extracto del peri\u00f3dico Ouest France \u00abKil\u00f3metros de arroyo contaminados\u00bb, informa Alain Marteil, presidente de la sociedad de pesca de Loud\u00e9ac (C\u00f4tes-d&#8217;Armor). \u00abSe trata de una contaminaci\u00f3n org\u00e1nica que proviene del tanque de tormenta de Calou\u00ebt y que habr\u00eda sido vertida en el Oust a su paso por la Ville L\u00e9o\u00bb,&#8230; <div class=\"liresuite\"><a class=\"view-article\" href=\"https:\/\/www.sade-cgth.fr\/es\/blog\/geographie-es\/afrique-es\/gestionar-los-vertidos-de-aguas-residuales-de-una-planta-industrial\/\">+<\/a><\/div>","protected":false},"author":8,"featured_media":8305,"comment_status":"closed","ping_status":"closed","sticky":false,"template":"","format":"standard","meta":{"footnotes":""},"categories":[55,56,59,60,61,57,58],"tags":[],"class_list":["post-8137","post","type-post","status-publish","format-standard","has-post-thumbnail","hentry","category-afrique-es","category-genie-civil-es","category-public-es","category-technique-es","category-travaux-sans-tranchee-es","category-nucleaire-es","category-rse-es"],"yoast_head":"<!-- This site is optimized with the Yoast SEO plugin v24.6 - https:\/\/yoast.com\/wordpress\/plugins\/seo\/ -->\n<title>Gestionar los vertidos de aguas residuales de una planta industrial... - SADE<\/title>\n<meta name=\"robots\" content=\"index, follow, max-snippet:-1, max-image-preview:large, max-video-preview:-1\" \/>\n<link rel=\"canonical\" href=\"https:\/\/www.sade-cgth.fr\/es\/blog\/geographie-es\/afrique-es\/gestionar-los-vertidos-de-aguas-residuales-de-una-planta-industrial\/\" \/>\n<meta property=\"og:locale\" content=\"es_ES\" \/>\n<meta property=\"og:type\" content=\"article\" \/>\n<meta property=\"og:title\" content=\"Gestionar los vertidos de aguas residuales de una planta industrial... - SADE\" \/>\n<meta property=\"og:description\" content=\"[vc_row][vc_column width=\u00bb2\/3&#8243;][vc_column_text css=\u00bb.vc_custom_1611837426485{margin-right: 20px !important;}\u00bb] Por supuesto, \u00a1SADE puede hacerlo! A ra\u00edz de una investigaci\u00f3n judicial llevada a cabo por la Oficina Francesa de la Biodiversidad (OFB, la polic\u00eda del medio ambiente), la DREAL emplaz\u00f3 a la sociedad Gelagri, con sede en Loud\u00e9ac, a solucionar sus vertidos de aguas residuales. Extracto del peri\u00f3dico Ouest France \u00abKil\u00f3metros de arroyo contaminados\u00bb, informa Alain Marteil, presidente de la sociedad de pesca de Loud\u00e9ac (C\u00f4tes-d&#8217;Armor). \u00abSe trata de una contaminaci\u00f3n org\u00e1nica que proviene del tanque de tormenta de Calou\u00ebt y que habr\u00eda sido vertida en el Oust a su paso por la Ville L\u00e9o\u00bb,... +\" \/>\n<meta property=\"og:url\" content=\"https:\/\/www.sade-cgth.fr\/es\/blog\/geographie-es\/afrique-es\/gestionar-los-vertidos-de-aguas-residuales-de-una-planta-industrial\/\" \/>\n<meta property=\"og:site_name\" content=\"SADE\" \/>\n<meta property=\"article:published_time\" content=\"2021-01-28T12:41:10+00:00\" \/>\n<meta property=\"og:image\" content=\"https:\/\/www.sade-cgth.fr\/wp-content\/uploads\/2020\/11\/image-7-1.jpg\" \/>\n\t<meta property=\"og:image:width\" content=\"1820\" \/>\n\t<meta property=\"og:image:height\" content=\"1261\" \/>\n\t<meta property=\"og:image:type\" content=\"image\/jpeg\" \/>\n<meta name=\"author\" content=\"laurieann\" \/>\n<meta name=\"twitter:card\" content=\"summary_large_image\" \/>\n<meta name=\"twitter:creator\" content=\"@sadecgth\" \/>\n<meta name=\"twitter:site\" content=\"@sadecgth\" \/>\n<meta name=\"twitter:label1\" content=\"Escrito por\" \/>\n\t<meta name=\"twitter:data1\" content=\"laurieann\" \/>\n\t<meta name=\"twitter:label2\" content=\"Tiempo de lectura\" \/>\n\t<meta name=\"twitter:data2\" content=\"3 minutos\" \/>\n<script type=\"application\/ld+json\" class=\"yoast-schema-graph\">{\"@context\":\"https:\/\/schema.org\",\"@graph\":[{\"@type\":\"Article\",\"@id\":\"https:\/\/www.sade-cgth.fr\/es\/blog\/geographie-es\/afrique-es\/gestionar-los-vertidos-de-aguas-residuales-de-una-planta-industrial\/#article\",\"isPartOf\":{\"@id\":\"https:\/\/www.sade-cgth.fr\/es\/blog\/geographie-es\/afrique-es\/gestionar-los-vertidos-de-aguas-residuales-de-una-planta-industrial\/\"},\"author\":{\"name\":\"laurieann\",\"@id\":\"https:\/\/www.sade-cgth.fr\/#\/schema\/person\/16b4998c2e208c46702b7f17ebd5c6c6\"},\"headline\":\"Gestionar los vertidos de aguas residuales de una planta industrial&#8230;\",\"datePublished\":\"2021-01-28T12:41:10+00:00\",\"mainEntityOfPage\":{\"@id\":\"https:\/\/www.sade-cgth.fr\/es\/blog\/geographie-es\/afrique-es\/gestionar-los-vertidos-de-aguas-residuales-de-una-planta-industrial\/\"},\"wordCount\":657,\"publisher\":{\"@id\":\"https:\/\/www.sade-cgth.fr\/#organization\"},\"image\":{\"@id\":\"https:\/\/www.sade-cgth.fr\/es\/blog\/geographie-es\/afrique-es\/gestionar-los-vertidos-de-aguas-residuales-de-una-planta-industrial\/#primaryimage\"},\"thumbnailUrl\":\"https:\/\/www.sade-cgth.fr\/wp-content\/uploads\/2020\/11\/image-7-1.jpg\",\"articleSection\":[\"\u00c1frica\",\"Obras civiles\",\"Sector p\u00fablico\",\"T\u00e9cnica\",\"Obras sin zanja\",\"Nuclear\",\"RSE\"],\"inLanguage\":\"es\"},{\"@type\":\"WebPage\",\"@id\":\"https:\/\/www.sade-cgth.fr\/es\/blog\/geographie-es\/afrique-es\/gestionar-los-vertidos-de-aguas-residuales-de-una-planta-industrial\/\",\"url\":\"https:\/\/www.sade-cgth.fr\/es\/blog\/geographie-es\/afrique-es\/gestionar-los-vertidos-de-aguas-residuales-de-una-planta-industrial\/\",\"name\":\"Gestionar los vertidos de aguas residuales de una planta industrial... - SADE\",\"isPartOf\":{\"@id\":\"https:\/\/www.sade-cgth.fr\/#website\"},\"primaryImageOfPage\":{\"@id\":\"https:\/\/www.sade-cgth.fr\/es\/blog\/geographie-es\/afrique-es\/gestionar-los-vertidos-de-aguas-residuales-de-una-planta-industrial\/#primaryimage\"},\"image\":{\"@id\":\"https:\/\/www.sade-cgth.fr\/es\/blog\/geographie-es\/afrique-es\/gestionar-los-vertidos-de-aguas-residuales-de-una-planta-industrial\/#primaryimage\"},\"thumbnailUrl\":\"https:\/\/www.sade-cgth.fr\/wp-content\/uploads\/2020\/11\/image-7-1.jpg\",\"datePublished\":\"2021-01-28T12:41:10+00:00\",\"breadcrumb\":{\"@id\":\"https:\/\/www.sade-cgth.fr\/es\/blog\/geographie-es\/afrique-es\/gestionar-los-vertidos-de-aguas-residuales-de-una-planta-industrial\/#breadcrumb\"},\"inLanguage\":\"es\",\"potentialAction\":[{\"@type\":\"ReadAction\",\"target\":[\"https:\/\/www.sade-cgth.fr\/es\/blog\/geographie-es\/afrique-es\/gestionar-los-vertidos-de-aguas-residuales-de-una-planta-industrial\/\"]}]},{\"@type\":\"ImageObject\",\"inLanguage\":\"es\",\"@id\":\"https:\/\/www.sade-cgth.fr\/es\/blog\/geographie-es\/afrique-es\/gestionar-los-vertidos-de-aguas-residuales-de-una-planta-industrial\/#primaryimage\",\"url\":\"https:\/\/www.sade-cgth.fr\/wp-content\/uploads\/2020\/11\/image-7-1.jpg\",\"contentUrl\":\"https:\/\/www.sade-cgth.fr\/wp-content\/uploads\/2020\/11\/image-7-1.jpg\",\"width\":1820,\"height\":1261},{\"@type\":\"BreadcrumbList\",\"@id\":\"https:\/\/www.sade-cgth.fr\/es\/blog\/geographie-es\/afrique-es\/gestionar-los-vertidos-de-aguas-residuales-de-una-planta-industrial\/#breadcrumb\",\"itemListElement\":[{\"@type\":\"ListItem\",\"position\":1,\"name\":\"Accueil\",\"item\":\"https:\/\/www.sade-cgth.fr\/es\/\"},{\"@type\":\"ListItem\",\"position\":2,\"name\":\"Gestionar los vertidos de aguas residuales de una planta industrial&#8230;\"}]},{\"@type\":\"WebSite\",\"@id\":\"https:\/\/www.sade-cgth.fr\/#website\",\"url\":\"https:\/\/www.sade-cgth.fr\/\",\"name\":\"SADE\",\"description\":\"\",\"publisher\":{\"@id\":\"https:\/\/www.sade-cgth.fr\/#organization\"},\"potentialAction\":[{\"@type\":\"SearchAction\",\"target\":{\"@type\":\"EntryPoint\",\"urlTemplate\":\"https:\/\/www.sade-cgth.fr\/?s={search_term_string}\"},\"query-input\":{\"@type\":\"PropertyValueSpecification\",\"valueRequired\":true,\"valueName\":\"search_term_string\"}}],\"inLanguage\":\"es\"},{\"@type\":\"Organization\",\"@id\":\"https:\/\/www.sade-cgth.fr\/#organization\",\"name\":\"La SADE\",\"url\":\"https:\/\/www.sade-cgth.fr\/\",\"logo\":{\"@type\":\"ImageObject\",\"inLanguage\":\"es\",\"@id\":\"https:\/\/www.sade-cgth.fr\/#\/schema\/logo\/image\/\",\"url\":\"https:\/\/www.sade-cgth.fr\/wp-content\/uploads\/2020\/06\/logo-la-sade.png\",\"contentUrl\":\"https:\/\/www.sade-cgth.fr\/wp-content\/uploads\/2020\/06\/logo-la-sade.png\",\"width\":330,\"height\":144,\"caption\":\"La SADE\"},\"image\":{\"@id\":\"https:\/\/www.sade-cgth.fr\/#\/schema\/logo\/image\/\"},\"sameAs\":[\"https:\/\/x.com\/sadecgth\",\"https:\/\/www.instagram.com\/sadecgth\",\"https:\/\/fr.linkedin.com\/company\/sade\",\"https:\/\/www.youtube.com\/channel\/UCt0AEHEpfgRE3pADxCZvXnQ\"]},{\"@type\":\"Person\",\"@id\":\"https:\/\/www.sade-cgth.fr\/#\/schema\/person\/16b4998c2e208c46702b7f17ebd5c6c6\",\"name\":\"laurieann\",\"image\":{\"@type\":\"ImageObject\",\"inLanguage\":\"es\",\"@id\":\"https:\/\/www.sade-cgth.fr\/#\/schema\/person\/image\/\",\"url\":\"https:\/\/secure.gravatar.com\/avatar\/c41d79d750f20704fe4ab5051a7097db?s=96&d=mm&r=g\",\"contentUrl\":\"https:\/\/secure.gravatar.com\/avatar\/c41d79d750f20704fe4ab5051a7097db?s=96&d=mm&r=g\",\"caption\":\"laurieann\"}}]}<\/script>\n<!-- \/ Yoast SEO plugin. -->","yoast_head_json":{"title":"Gestionar los vertidos de aguas residuales de una planta industrial... - SADE","robots":{"index":"index","follow":"follow","max-snippet":"max-snippet:-1","max-image-preview":"max-image-preview:large","max-video-preview":"max-video-preview:-1"},"canonical":"https:\/\/www.sade-cgth.fr\/es\/blog\/geographie-es\/afrique-es\/gestionar-los-vertidos-de-aguas-residuales-de-una-planta-industrial\/","og_locale":"es_ES","og_type":"article","og_title":"Gestionar los vertidos de aguas residuales de una planta industrial... - SADE","og_description":"[vc_row][vc_column width=\u00bb2\/3&#8243;][vc_column_text css=\u00bb.vc_custom_1611837426485{margin-right: 20px !important;}\u00bb] Por supuesto, \u00a1SADE puede hacerlo! A ra\u00edz de una investigaci\u00f3n judicial llevada a cabo por la Oficina Francesa de la Biodiversidad (OFB, la polic\u00eda del medio ambiente), la DREAL emplaz\u00f3 a la sociedad Gelagri, con sede en Loud\u00e9ac, a solucionar sus vertidos de aguas residuales. Extracto del peri\u00f3dico Ouest France \u00abKil\u00f3metros de arroyo contaminados\u00bb, informa Alain Marteil, presidente de la sociedad de pesca de Loud\u00e9ac (C\u00f4tes-d&#8217;Armor). \u00abSe trata de una contaminaci\u00f3n org\u00e1nica que proviene del tanque de tormenta de Calou\u00ebt y que habr\u00eda sido vertida en el Oust a su paso por la Ville L\u00e9o\u00bb,... +","og_url":"https:\/\/www.sade-cgth.fr\/es\/blog\/geographie-es\/afrique-es\/gestionar-los-vertidos-de-aguas-residuales-de-una-planta-industrial\/","og_site_name":"SADE","article_published_time":"2021-01-28T12:41:10+00:00","og_image":[{"width":1820,"height":1261,"url":"https:\/\/www.sade-cgth.fr\/wp-content\/uploads\/2020\/11\/image-7-1.jpg","type":"image\/jpeg"}],"author":"laurieann","twitter_card":"summary_large_image","twitter_creator":"@sadecgth","twitter_site":"@sadecgth","twitter_misc":{"Escrito por":"laurieann","Tiempo de lectura":"3 minutos"},"schema":{"@context":"https:\/\/schema.org","@graph":[{"@type":"Article","@id":"https:\/\/www.sade-cgth.fr\/es\/blog\/geographie-es\/afrique-es\/gestionar-los-vertidos-de-aguas-residuales-de-una-planta-industrial\/#article","isPartOf":{"@id":"https:\/\/www.sade-cgth.fr\/es\/blog\/geographie-es\/afrique-es\/gestionar-los-vertidos-de-aguas-residuales-de-una-planta-industrial\/"},"author":{"name":"laurieann","@id":"https:\/\/www.sade-cgth.fr\/#\/schema\/person\/16b4998c2e208c46702b7f17ebd5c6c6"},"headline":"Gestionar los vertidos de aguas residuales de una planta industrial&#8230;","datePublished":"2021-01-28T12:41:10+00:00","mainEntityOfPage":{"@id":"https:\/\/www.sade-cgth.fr\/es\/blog\/geographie-es\/afrique-es\/gestionar-los-vertidos-de-aguas-residuales-de-una-planta-industrial\/"},"wordCount":657,"publisher":{"@id":"https:\/\/www.sade-cgth.fr\/#organization"},"image":{"@id":"https:\/\/www.sade-cgth.fr\/es\/blog\/geographie-es\/afrique-es\/gestionar-los-vertidos-de-aguas-residuales-de-una-planta-industrial\/#primaryimage"},"thumbnailUrl":"https:\/\/www.sade-cgth.fr\/wp-content\/uploads\/2020\/11\/image-7-1.jpg","articleSection":["\u00c1frica","Obras civiles","Sector p\u00fablico","T\u00e9cnica","Obras sin zanja","Nuclear","RSE"],"inLanguage":"es"},{"@type":"WebPage","@id":"https:\/\/www.sade-cgth.fr\/es\/blog\/geographie-es\/afrique-es\/gestionar-los-vertidos-de-aguas-residuales-de-una-planta-industrial\/","url":"https:\/\/www.sade-cgth.fr\/es\/blog\/geographie-es\/afrique-es\/gestionar-los-vertidos-de-aguas-residuales-de-una-planta-industrial\/","name":"Gestionar los vertidos de aguas residuales de una planta industrial... - SADE","isPartOf":{"@id":"https:\/\/www.sade-cgth.fr\/#website"},"primaryImageOfPage":{"@id":"https:\/\/www.sade-cgth.fr\/es\/blog\/geographie-es\/afrique-es\/gestionar-los-vertidos-de-aguas-residuales-de-una-planta-industrial\/#primaryimage"},"image":{"@id":"https:\/\/www.sade-cgth.fr\/es\/blog\/geographie-es\/afrique-es\/gestionar-los-vertidos-de-aguas-residuales-de-una-planta-industrial\/#primaryimage"},"thumbnailUrl":"https:\/\/www.sade-cgth.fr\/wp-content\/uploads\/2020\/11\/image-7-1.jpg","datePublished":"2021-01-28T12:41:10+00:00","breadcrumb":{"@id":"https:\/\/www.sade-cgth.fr\/es\/blog\/geographie-es\/afrique-es\/gestionar-los-vertidos-de-aguas-residuales-de-una-planta-industrial\/#breadcrumb"},"inLanguage":"es","potentialAction":[{"@type":"ReadAction","target":["https:\/\/www.sade-cgth.fr\/es\/blog\/geographie-es\/afrique-es\/gestionar-los-vertidos-de-aguas-residuales-de-una-planta-industrial\/"]}]},{"@type":"ImageObject","inLanguage":"es","@id":"https:\/\/www.sade-cgth.fr\/es\/blog\/geographie-es\/afrique-es\/gestionar-los-vertidos-de-aguas-residuales-de-una-planta-industrial\/#primaryimage","url":"https:\/\/www.sade-cgth.fr\/wp-content\/uploads\/2020\/11\/image-7-1.jpg","contentUrl":"https:\/\/www.sade-cgth.fr\/wp-content\/uploads\/2020\/11\/image-7-1.jpg","width":1820,"height":1261},{"@type":"BreadcrumbList","@id":"https:\/\/www.sade-cgth.fr\/es\/blog\/geographie-es\/afrique-es\/gestionar-los-vertidos-de-aguas-residuales-de-una-planta-industrial\/#breadcrumb","itemListElement":[{"@type":"ListItem","position":1,"name":"Accueil","item":"https:\/\/www.sade-cgth.fr\/es\/"},{"@type":"ListItem","position":2,"name":"Gestionar los vertidos de aguas residuales de una planta industrial&#8230;"}]},{"@type":"WebSite","@id":"https:\/\/www.sade-cgth.fr\/#website","url":"https:\/\/www.sade-cgth.fr\/","name":"SADE","description":"","publisher":{"@id":"https:\/\/www.sade-cgth.fr\/#organization"},"potentialAction":[{"@type":"SearchAction","target":{"@type":"EntryPoint","urlTemplate":"https:\/\/www.sade-cgth.fr\/?s={search_term_string}"},"query-input":{"@type":"PropertyValueSpecification","valueRequired":true,"valueName":"search_term_string"}}],"inLanguage":"es"},{"@type":"Organization","@id":"https:\/\/www.sade-cgth.fr\/#organization","name":"La SADE","url":"https:\/\/www.sade-cgth.fr\/","logo":{"@type":"ImageObject","inLanguage":"es","@id":"https:\/\/www.sade-cgth.fr\/#\/schema\/logo\/image\/","url":"https:\/\/www.sade-cgth.fr\/wp-content\/uploads\/2020\/06\/logo-la-sade.png","contentUrl":"https:\/\/www.sade-cgth.fr\/wp-content\/uploads\/2020\/06\/logo-la-sade.png","width":330,"height":144,"caption":"La SADE"},"image":{"@id":"https:\/\/www.sade-cgth.fr\/#\/schema\/logo\/image\/"},"sameAs":["https:\/\/x.com\/sadecgth","https:\/\/www.instagram.com\/sadecgth","https:\/\/fr.linkedin.com\/company\/sade","https:\/\/www.youtube.com\/channel\/UCt0AEHEpfgRE3pADxCZvXnQ"]},{"@type":"Person","@id":"https:\/\/www.sade-cgth.fr\/#\/schema\/person\/16b4998c2e208c46702b7f17ebd5c6c6","name":"laurieann","image":{"@type":"ImageObject","inLanguage":"es","@id":"https:\/\/www.sade-cgth.fr\/#\/schema\/person\/image\/","url":"https:\/\/secure.gravatar.com\/avatar\/c41d79d750f20704fe4ab5051a7097db?s=96&d=mm&r=g","contentUrl":"https:\/\/secure.gravatar.com\/avatar\/c41d79d750f20704fe4ab5051a7097db?s=96&d=mm&r=g","caption":"laurieann"}}]}},"_links":{"self":[{"href":"https:\/\/www.sade-cgth.fr\/es\/wp-json\/wp\/v2\/posts\/8137"}],"collection":[{"href":"https:\/\/www.sade-cgth.fr\/es\/wp-json\/wp\/v2\/posts"}],"about":[{"href":"https:\/\/www.sade-cgth.fr\/es\/wp-json\/wp\/v2\/types\/post"}],"author":[{"embeddable":true,"href":"https:\/\/www.sade-cgth.fr\/es\/wp-json\/wp\/v2\/users\/8"}],"replies":[{"embeddable":true,"href":"https:\/\/www.sade-cgth.fr\/es\/wp-json\/wp\/v2\/comments?post=8137"}],"version-history":[{"count":0,"href":"https:\/\/www.sade-cgth.fr\/es\/wp-json\/wp\/v2\/posts\/8137\/revisions"}],"wp:featuredmedia":[{"embeddable":true,"href":"https:\/\/www.sade-cgth.fr\/es\/wp-json\/wp\/v2\/media\/8305"}],"wp:attachment":[{"href":"https:\/\/www.sade-cgth.fr\/es\/wp-json\/wp\/v2\/media?parent=8137"}],"wp:term":[{"taxonomy":"category","embeddable":true,"href":"https:\/\/www.sade-cgth.fr\/es\/wp-json\/wp\/v2\/categories?post=8137"},{"taxonomy":"post_tag","embeddable":true,"href":"https:\/\/www.sade-cgth.fr\/es\/wp-json\/wp\/v2\/tags?post=8137"}],"curies":[{"name":"wp","href":"https:\/\/api.w.org\/{rel}","templated":true}]}}