{"id":9358,"date":"2021-02-23T13:30:36","date_gmt":"2021-02-23T12:30:36","guid":{"rendered":"https:\/\/www.sade-cgth.fr\/?p=9358"},"modified":"2021-06-03T13:32:18","modified_gmt":"2021-06-03T11:32:18","slug":"prevenir-la-subida-del-mar","status":"publish","type":"post","link":"https:\/\/www.sade-cgth.fr\/es\/blog\/geographie-es\/afrique-es\/prevenir-la-subida-del-mar\/","title":{"rendered":"Prevenir la subida del mar\u2026"},"content":{"rendered":"<div class=\"wpb-content-wrapper\"><p>[vc_row][vc_column width=\u00bb2\/3&#8243;][vc_column_text css=\u00bb.vc_custom_1622719898361{margin-right: 20px !important;}\u00bb]<span style=\"color: #999999;\"><strong>Una obra ecorresponsable para la Comunidad Urbana de Dunkerque.<\/strong><\/span><\/p>\n<p>Desde hace algunos a\u00f1os, a ra\u00edz de la ley que vela por la Gesti\u00f3n de los Medios Acu\u00e1ticos y la Prevenci\u00f3n de las Inundaciones (GEMAPI), la Comunidad Urbana de Dunkerque (CUD) se ha fijado como prioridad proceder a una evaluaci\u00f3n global del estado de las obras colindantes con medios marinos o acu\u00e1ticos. Asimismo, se ha propuesto programar a largo plazo todas las acciones necesarias de adecuaci\u00f3n y modernizaci\u00f3n de estas obras.<\/p>\n<p>Los muros de contenci\u00f3n o diques del canal de Aa de los municipios de Grand-Fort-Philippe y Gravelines forman parte de este programa de mantenimiento y renovaci\u00f3n debido a su deterioro considerable.<\/p>\n<p>Las irregularidades que se han detectado en los muros de contenci\u00f3n con mayor frecuencia son:<\/p>\n<ul>\n<li aria-level=\"1\">algunos desplomes localizados,<\/li>\n<li aria-level=\"1\">fracturas y fisuras principalmente longitudinales,<\/li>\n<li aria-level=\"1\">escaleras deterioradas,<\/li>\n<li aria-level=\"1\">distanciamiento de las piedras de coronaci\u00f3n,<\/li>\n<li aria-level=\"1\">fragilidad al crearse cavidades subterr\u00e1neas por la acci\u00f3n de la arena y las finas part\u00edculas transportadas por las mareas al canal,<\/li>\n<li aria-level=\"1\">desapariciones puntuales.<\/li>\n<\/ul>\n<p>En este caso en concreto, el paso regular de las dragadoras para limpiar el canal ha contribuido a desestabilizar las bases de los muros de contenci\u00f3n, haci\u00e9ndolos deslizarse hasta el centro del canal.<\/p>\n<p>La Comunidad Urbana de Dunkerque ha confiado a la Direcci\u00f3n Regional Hauts-de-France y a Spie Batignolles (50\/50) las operaciones de estabilizaci\u00f3n y rehabilitaci\u00f3n de 2 km de muros de contenci\u00f3n y gaviones para reforzarlos.<\/p>\n<p>Se llevar\u00e1n a cabo cinco tipos de obras de rehabilitaci\u00f3n en los muros de contenci\u00f3n, que se diferencian en funci\u00f3n de la naturaleza del revestimiento:<\/p>\n<ul>\n<li aria-level=\"1\">mamposter\u00eda de piedra,<\/li>\n<li aria-level=\"1\">hormig\u00f3n armado,<\/li>\n<li aria-level=\"1\">hormig\u00f3n bituminoso,<\/li>\n<li aria-level=\"1\">estructura en gaviones,<\/li>\n<li aria-level=\"1\">hormig\u00f3n armado para la creaci\u00f3n de un muro de protecci\u00f3n contra las mareas marinas.<\/li>\n<\/ul>\n<p>Los equipos tambi\u00e9n rehabilitar\u00e1n los desag\u00fces de saneamiento existentes.<\/p>\n<p>Las obras se iniciar\u00e1n en abril de 2021 y, por supuesto, se adaptar\u00e1n al horario que marcan las mareas.<\/p>\n<p>Cabe se\u00f1alar que esta obra, que pretende adaptarse al cambio clim\u00e1tico y a reforzar la protecci\u00f3n contra las futuras subidas del nivel del mar, se enmarca de lleno en la din\u00e1mica regional Rev3.[\/vc_column_text][vc_message style=\u00bbsquare\u00bb message_box_color=\u00bbwhite\u00bb icon_type=\u00bbentypo\u00bb css=\u00bb.vc_custom_1622719920234{margin-top: 35px !important;margin-right: 30px !important;border-bottom-width: 0px !important;background-color: #008bcb !important;border-bottom-color: #008bcb !important;border-bottom-style: solid !important;}\u00bb icon_entypo=\u00bbentypo-icon entypo-icon-info-circled\u00bb]<strong><img loading=\"lazy\" decoding=\"async\" class=\"wp-image-9362 alignright\" src=\"https:\/\/www.sade-cgth.fr\/wp-content\/uploads\/2021\/02\/unnamed.png\" alt=\"\" width=\"99\" height=\"126\" srcset=\"https:\/\/www.sade-cgth.fr\/wp-content\/uploads\/2021\/02\/unnamed.png 1244w, https:\/\/www.sade-cgth.fr\/wp-content\/uploads\/2021\/02\/unnamed-250x318.png 250w, https:\/\/www.sade-cgth.fr\/wp-content\/uploads\/2021\/02\/unnamed-700x890.png 700w, https:\/\/www.sade-cgth.fr\/wp-content\/uploads\/2021\/02\/unnamed-768x977.png 768w, https:\/\/www.sade-cgth.fr\/wp-content\/uploads\/2021\/02\/unnamed-1208x1536.png 1208w, https:\/\/www.sade-cgth.fr\/wp-content\/uploads\/2021\/02\/unnamed-120x153.png 120w\" sizes=\"(max-width: 99px) 100vw, 99px\" \/><span style=\"color: #ffffff;\">Rev3<\/span><\/strong><\/p>\n<p><span style=\"color: #ffffff;\">La Rev3, o tambi\u00e9n llamada tercera revoluci\u00f3n industrial, es una din\u00e1mica colectiva conjunta de la C\u00e1mara de Comercio e Industria y el Consejo Regional de Hauts-de-France que tiene por objetivo transformar Hauts-de-France para convertirla en una de las regiones m\u00e1s avanzadas en materia de transici\u00f3n energ\u00e9tica, ecol\u00f3gica y social.<br \/>\n<\/span>[\/vc_message][\/vc_column][vc_column width=\u00bb1\/3&#8243;][vc_single_image image=\u00bb9365&#8243; img_size=\u00bbfull\u00bb css=\u00bb.vc_custom_1614239090766{margin-top: 30px !important;}\u00bb][vc_single_image image=\u00bb9368&#8243; img_size=\u00bbfull\u00bb css=\u00bb.vc_custom_1614239128510{margin-top: 30px !important;}\u00bb][\/vc_column][\/vc_row][vc_row][vc_column width=\u00bb2\/3&#8243; css=\u00bb.vc_custom_1598363171973{margin-top: 20px !important;}\u00bb][\/vc_column][vc_column width=\u00bb1\/3&#8243;][\/vc_column][\/vc_row]<\/p>\n<!-- WPMSNGI:: This input got made by wpms-network-global-inserts It is a WordPress Plugin, you will find your Plugins @ www.wordpress.org ... Information about the Plugin you will find @ www.ruben-storm.de Thank you for using this Plungin--><\/div>","protected":false},"excerpt":{"rendered":"[vc_row][vc_column width=\u00bb2\/3&#8243;][vc_column_text css=\u00bb.vc_custom_1622719898361{margin-right: 20px !important;}\u00bb]Una obra ecorresponsable para la Comunidad Urbana de Dunkerque. Desde hace algunos a\u00f1os, a ra\u00edz de la ley que vela por la Gesti\u00f3n de los Medios Acu\u00e1ticos y la Prevenci\u00f3n de las Inundaciones (GEMAPI), la Comunidad Urbana de Dunkerque (CUD) se ha fijado como prioridad proceder a una evaluaci\u00f3n global del estado de las obras colindantes con medios marinos o acu\u00e1ticos. Asimismo, se ha propuesto programar a largo plazo todas las acciones necesarias de adecuaci\u00f3n y modernizaci\u00f3n de estas obras. Los muros de contenci\u00f3n o diques del canal de Aa de los municipios de Grand-Fort-Philippe y&#8230; <div class=\"liresuite\"><a class=\"view-article\" href=\"https:\/\/www.sade-cgth.fr\/es\/blog\/geographie-es\/afrique-es\/prevenir-la-subida-del-mar\/\">+<\/a><\/div>","protected":false},"author":8,"featured_media":9361,"comment_status":"closed","ping_status":"closed","sticky":false,"template":"","format":"standard","meta":{"footnotes":""},"categories":[55,56,59,60,61,57,58],"tags":[],"class_list":["post-9358","post","type-post","status-publish","format-standard","has-post-thumbnail","hentry","category-afrique-es","category-genie-civil-es","category-public-es","category-technique-es","category-travaux-sans-tranchee-es","category-nucleaire-es","category-rse-es"],"yoast_head":"<!-- This site is optimized with the Yoast SEO plugin v24.6 - https:\/\/yoast.com\/wordpress\/plugins\/seo\/ -->\n<title>Prevenir la subida del mar\u2026 - SADE<\/title>\n<meta name=\"robots\" content=\"index, follow, max-snippet:-1, max-image-preview:large, max-video-preview:-1\" \/>\n<link rel=\"canonical\" href=\"https:\/\/www.sade-cgth.fr\/es\/blog\/geographie-es\/afrique-es\/prevenir-la-subida-del-mar\/\" \/>\n<meta property=\"og:locale\" content=\"es_ES\" \/>\n<meta property=\"og:type\" content=\"article\" \/>\n<meta property=\"og:title\" content=\"Prevenir la subida del mar\u2026 - SADE\" \/>\n<meta property=\"og:description\" content=\"[vc_row][vc_column width=\u00bb2\/3&#8243;][vc_column_text css=\u00bb.vc_custom_1622719898361{margin-right: 20px !important;}\u00bb]Una obra ecorresponsable para la Comunidad Urbana de Dunkerque. Desde hace algunos a\u00f1os, a ra\u00edz de la ley que vela por la Gesti\u00f3n de los Medios Acu\u00e1ticos y la Prevenci\u00f3n de las Inundaciones (GEMAPI), la Comunidad Urbana de Dunkerque (CUD) se ha fijado como prioridad proceder a una evaluaci\u00f3n global del estado de las obras colindantes con medios marinos o acu\u00e1ticos. Asimismo, se ha propuesto programar a largo plazo todas las acciones necesarias de adecuaci\u00f3n y modernizaci\u00f3n de estas obras. Los muros de contenci\u00f3n o diques del canal de Aa de los municipios de Grand-Fort-Philippe y... +\" \/>\n<meta property=\"og:url\" content=\"https:\/\/www.sade-cgth.fr\/es\/blog\/geographie-es\/afrique-es\/prevenir-la-subida-del-mar\/\" \/>\n<meta property=\"og:site_name\" content=\"SADE\" \/>\n<meta property=\"article:published_time\" content=\"2021-02-23T12:30:36+00:00\" \/>\n<meta property=\"article:modified_time\" content=\"2021-06-03T11:32:18+00:00\" \/>\n<meta property=\"og:image\" content=\"https:\/\/www.sade-cgth.fr\/wp-content\/uploads\/2021\/02\/IMG_0005.jpg\" \/>\n\t<meta property=\"og:image:width\" content=\"1920\" \/>\n\t<meta property=\"og:image:height\" content=\"1280\" \/>\n\t<meta property=\"og:image:type\" content=\"image\/jpeg\" \/>\n<meta name=\"author\" content=\"laurieann\" \/>\n<meta name=\"twitter:card\" content=\"summary_large_image\" \/>\n<meta name=\"twitter:creator\" content=\"@sadecgth\" \/>\n<meta name=\"twitter:site\" content=\"@sadecgth\" \/>\n<meta name=\"twitter:label1\" content=\"Escrito por\" \/>\n\t<meta name=\"twitter:data1\" content=\"laurieann\" \/>\n\t<meta name=\"twitter:label2\" content=\"Tiempo de lectura\" \/>\n\t<meta name=\"twitter:data2\" content=\"3 minutos\" \/>\n<script type=\"application\/ld+json\" class=\"yoast-schema-graph\">{\"@context\":\"https:\/\/schema.org\",\"@graph\":[{\"@type\":\"Article\",\"@id\":\"https:\/\/www.sade-cgth.fr\/es\/blog\/geographie-es\/afrique-es\/prevenir-la-subida-del-mar\/#article\",\"isPartOf\":{\"@id\":\"https:\/\/www.sade-cgth.fr\/es\/blog\/geographie-es\/afrique-es\/prevenir-la-subida-del-mar\/\"},\"author\":{\"name\":\"laurieann\",\"@id\":\"https:\/\/www.sade-cgth.fr\/#\/schema\/person\/16b4998c2e208c46702b7f17ebd5c6c6\"},\"headline\":\"Prevenir la subida del mar\u2026\",\"datePublished\":\"2021-02-23T12:30:36+00:00\",\"dateModified\":\"2021-06-03T11:32:18+00:00\",\"mainEntityOfPage\":{\"@id\":\"https:\/\/www.sade-cgth.fr\/es\/blog\/geographie-es\/afrique-es\/prevenir-la-subida-del-mar\/\"},\"wordCount\":553,\"publisher\":{\"@id\":\"https:\/\/www.sade-cgth.fr\/#organization\"},\"image\":{\"@id\":\"https:\/\/www.sade-cgth.fr\/es\/blog\/geographie-es\/afrique-es\/prevenir-la-subida-del-mar\/#primaryimage\"},\"thumbnailUrl\":\"https:\/\/www.sade-cgth.fr\/wp-content\/uploads\/2021\/02\/IMG_0005.jpg\",\"articleSection\":[\"\u00c1frica\",\"Obras civiles\",\"Sector p\u00fablico\",\"T\u00e9cnica\",\"Obras sin zanja\",\"Nuclear\",\"RSE\"],\"inLanguage\":\"es\"},{\"@type\":\"WebPage\",\"@id\":\"https:\/\/www.sade-cgth.fr\/es\/blog\/geographie-es\/afrique-es\/prevenir-la-subida-del-mar\/\",\"url\":\"https:\/\/www.sade-cgth.fr\/es\/blog\/geographie-es\/afrique-es\/prevenir-la-subida-del-mar\/\",\"name\":\"Prevenir la subida del mar\u2026 - SADE\",\"isPartOf\":{\"@id\":\"https:\/\/www.sade-cgth.fr\/#website\"},\"primaryImageOfPage\":{\"@id\":\"https:\/\/www.sade-cgth.fr\/es\/blog\/geographie-es\/afrique-es\/prevenir-la-subida-del-mar\/#primaryimage\"},\"image\":{\"@id\":\"https:\/\/www.sade-cgth.fr\/es\/blog\/geographie-es\/afrique-es\/prevenir-la-subida-del-mar\/#primaryimage\"},\"thumbnailUrl\":\"https:\/\/www.sade-cgth.fr\/wp-content\/uploads\/2021\/02\/IMG_0005.jpg\",\"datePublished\":\"2021-02-23T12:30:36+00:00\",\"dateModified\":\"2021-06-03T11:32:18+00:00\",\"breadcrumb\":{\"@id\":\"https:\/\/www.sade-cgth.fr\/es\/blog\/geographie-es\/afrique-es\/prevenir-la-subida-del-mar\/#breadcrumb\"},\"inLanguage\":\"es\",\"potentialAction\":[{\"@type\":\"ReadAction\",\"target\":[\"https:\/\/www.sade-cgth.fr\/es\/blog\/geographie-es\/afrique-es\/prevenir-la-subida-del-mar\/\"]}]},{\"@type\":\"ImageObject\",\"inLanguage\":\"es\",\"@id\":\"https:\/\/www.sade-cgth.fr\/es\/blog\/geographie-es\/afrique-es\/prevenir-la-subida-del-mar\/#primaryimage\",\"url\":\"https:\/\/www.sade-cgth.fr\/wp-content\/uploads\/2021\/02\/IMG_0005.jpg\",\"contentUrl\":\"https:\/\/www.sade-cgth.fr\/wp-content\/uploads\/2021\/02\/IMG_0005.jpg\",\"width\":1920,\"height\":1280},{\"@type\":\"BreadcrumbList\",\"@id\":\"https:\/\/www.sade-cgth.fr\/es\/blog\/geographie-es\/afrique-es\/prevenir-la-subida-del-mar\/#breadcrumb\",\"itemListElement\":[{\"@type\":\"ListItem\",\"position\":1,\"name\":\"Accueil\",\"item\":\"https:\/\/www.sade-cgth.fr\/es\/\"},{\"@type\":\"ListItem\",\"position\":2,\"name\":\"Prevenir la subida del mar\u2026\"}]},{\"@type\":\"WebSite\",\"@id\":\"https:\/\/www.sade-cgth.fr\/#website\",\"url\":\"https:\/\/www.sade-cgth.fr\/\",\"name\":\"SADE\",\"description\":\"\",\"publisher\":{\"@id\":\"https:\/\/www.sade-cgth.fr\/#organization\"},\"potentialAction\":[{\"@type\":\"SearchAction\",\"target\":{\"@type\":\"EntryPoint\",\"urlTemplate\":\"https:\/\/www.sade-cgth.fr\/?s={search_term_string}\"},\"query-input\":{\"@type\":\"PropertyValueSpecification\",\"valueRequired\":true,\"valueName\":\"search_term_string\"}}],\"inLanguage\":\"es\"},{\"@type\":\"Organization\",\"@id\":\"https:\/\/www.sade-cgth.fr\/#organization\",\"name\":\"La SADE\",\"url\":\"https:\/\/www.sade-cgth.fr\/\",\"logo\":{\"@type\":\"ImageObject\",\"inLanguage\":\"es\",\"@id\":\"https:\/\/www.sade-cgth.fr\/#\/schema\/logo\/image\/\",\"url\":\"https:\/\/www.sade-cgth.fr\/wp-content\/uploads\/2020\/06\/logo-la-sade.png\",\"contentUrl\":\"https:\/\/www.sade-cgth.fr\/wp-content\/uploads\/2020\/06\/logo-la-sade.png\",\"width\":330,\"height\":144,\"caption\":\"La SADE\"},\"image\":{\"@id\":\"https:\/\/www.sade-cgth.fr\/#\/schema\/logo\/image\/\"},\"sameAs\":[\"https:\/\/x.com\/sadecgth\",\"https:\/\/www.instagram.com\/sadecgth\",\"https:\/\/fr.linkedin.com\/company\/sade\",\"https:\/\/www.youtube.com\/channel\/UCt0AEHEpfgRE3pADxCZvXnQ\"]},{\"@type\":\"Person\",\"@id\":\"https:\/\/www.sade-cgth.fr\/#\/schema\/person\/16b4998c2e208c46702b7f17ebd5c6c6\",\"name\":\"laurieann\",\"image\":{\"@type\":\"ImageObject\",\"inLanguage\":\"es\",\"@id\":\"https:\/\/www.sade-cgth.fr\/#\/schema\/person\/image\/\",\"url\":\"https:\/\/secure.gravatar.com\/avatar\/c41d79d750f20704fe4ab5051a7097db?s=96&d=mm&r=g\",\"contentUrl\":\"https:\/\/secure.gravatar.com\/avatar\/c41d79d750f20704fe4ab5051a7097db?s=96&d=mm&r=g\",\"caption\":\"laurieann\"}}]}<\/script>\n<!-- \/ Yoast SEO plugin. -->","yoast_head_json":{"title":"Prevenir la subida del mar\u2026 - SADE","robots":{"index":"index","follow":"follow","max-snippet":"max-snippet:-1","max-image-preview":"max-image-preview:large","max-video-preview":"max-video-preview:-1"},"canonical":"https:\/\/www.sade-cgth.fr\/es\/blog\/geographie-es\/afrique-es\/prevenir-la-subida-del-mar\/","og_locale":"es_ES","og_type":"article","og_title":"Prevenir la subida del mar\u2026 - SADE","og_description":"[vc_row][vc_column width=\u00bb2\/3&#8243;][vc_column_text css=\u00bb.vc_custom_1622719898361{margin-right: 20px !important;}\u00bb]Una obra ecorresponsable para la Comunidad Urbana de Dunkerque. Desde hace algunos a\u00f1os, a ra\u00edz de la ley que vela por la Gesti\u00f3n de los Medios Acu\u00e1ticos y la Prevenci\u00f3n de las Inundaciones (GEMAPI), la Comunidad Urbana de Dunkerque (CUD) se ha fijado como prioridad proceder a una evaluaci\u00f3n global del estado de las obras colindantes con medios marinos o acu\u00e1ticos. Asimismo, se ha propuesto programar a largo plazo todas las acciones necesarias de adecuaci\u00f3n y modernizaci\u00f3n de estas obras. Los muros de contenci\u00f3n o diques del canal de Aa de los municipios de Grand-Fort-Philippe y... +","og_url":"https:\/\/www.sade-cgth.fr\/es\/blog\/geographie-es\/afrique-es\/prevenir-la-subida-del-mar\/","og_site_name":"SADE","article_published_time":"2021-02-23T12:30:36+00:00","article_modified_time":"2021-06-03T11:32:18+00:00","og_image":[{"width":1920,"height":1280,"url":"https:\/\/www.sade-cgth.fr\/wp-content\/uploads\/2021\/02\/IMG_0005.jpg","type":"image\/jpeg"}],"author":"laurieann","twitter_card":"summary_large_image","twitter_creator":"@sadecgth","twitter_site":"@sadecgth","twitter_misc":{"Escrito por":"laurieann","Tiempo de lectura":"3 minutos"},"schema":{"@context":"https:\/\/schema.org","@graph":[{"@type":"Article","@id":"https:\/\/www.sade-cgth.fr\/es\/blog\/geographie-es\/afrique-es\/prevenir-la-subida-del-mar\/#article","isPartOf":{"@id":"https:\/\/www.sade-cgth.fr\/es\/blog\/geographie-es\/afrique-es\/prevenir-la-subida-del-mar\/"},"author":{"name":"laurieann","@id":"https:\/\/www.sade-cgth.fr\/#\/schema\/person\/16b4998c2e208c46702b7f17ebd5c6c6"},"headline":"Prevenir la subida del mar\u2026","datePublished":"2021-02-23T12:30:36+00:00","dateModified":"2021-06-03T11:32:18+00:00","mainEntityOfPage":{"@id":"https:\/\/www.sade-cgth.fr\/es\/blog\/geographie-es\/afrique-es\/prevenir-la-subida-del-mar\/"},"wordCount":553,"publisher":{"@id":"https:\/\/www.sade-cgth.fr\/#organization"},"image":{"@id":"https:\/\/www.sade-cgth.fr\/es\/blog\/geographie-es\/afrique-es\/prevenir-la-subida-del-mar\/#primaryimage"},"thumbnailUrl":"https:\/\/www.sade-cgth.fr\/wp-content\/uploads\/2021\/02\/IMG_0005.jpg","articleSection":["\u00c1frica","Obras civiles","Sector p\u00fablico","T\u00e9cnica","Obras sin zanja","Nuclear","RSE"],"inLanguage":"es"},{"@type":"WebPage","@id":"https:\/\/www.sade-cgth.fr\/es\/blog\/geographie-es\/afrique-es\/prevenir-la-subida-del-mar\/","url":"https:\/\/www.sade-cgth.fr\/es\/blog\/geographie-es\/afrique-es\/prevenir-la-subida-del-mar\/","name":"Prevenir la subida del mar\u2026 - SADE","isPartOf":{"@id":"https:\/\/www.sade-cgth.fr\/#website"},"primaryImageOfPage":{"@id":"https:\/\/www.sade-cgth.fr\/es\/blog\/geographie-es\/afrique-es\/prevenir-la-subida-del-mar\/#primaryimage"},"image":{"@id":"https:\/\/www.sade-cgth.fr\/es\/blog\/geographie-es\/afrique-es\/prevenir-la-subida-del-mar\/#primaryimage"},"thumbnailUrl":"https:\/\/www.sade-cgth.fr\/wp-content\/uploads\/2021\/02\/IMG_0005.jpg","datePublished":"2021-02-23T12:30:36+00:00","dateModified":"2021-06-03T11:32:18+00:00","breadcrumb":{"@id":"https:\/\/www.sade-cgth.fr\/es\/blog\/geographie-es\/afrique-es\/prevenir-la-subida-del-mar\/#breadcrumb"},"inLanguage":"es","potentialAction":[{"@type":"ReadAction","target":["https:\/\/www.sade-cgth.fr\/es\/blog\/geographie-es\/afrique-es\/prevenir-la-subida-del-mar\/"]}]},{"@type":"ImageObject","inLanguage":"es","@id":"https:\/\/www.sade-cgth.fr\/es\/blog\/geographie-es\/afrique-es\/prevenir-la-subida-del-mar\/#primaryimage","url":"https:\/\/www.sade-cgth.fr\/wp-content\/uploads\/2021\/02\/IMG_0005.jpg","contentUrl":"https:\/\/www.sade-cgth.fr\/wp-content\/uploads\/2021\/02\/IMG_0005.jpg","width":1920,"height":1280},{"@type":"BreadcrumbList","@id":"https:\/\/www.sade-cgth.fr\/es\/blog\/geographie-es\/afrique-es\/prevenir-la-subida-del-mar\/#breadcrumb","itemListElement":[{"@type":"ListItem","position":1,"name":"Accueil","item":"https:\/\/www.sade-cgth.fr\/es\/"},{"@type":"ListItem","position":2,"name":"Prevenir la subida del mar\u2026"}]},{"@type":"WebSite","@id":"https:\/\/www.sade-cgth.fr\/#website","url":"https:\/\/www.sade-cgth.fr\/","name":"SADE","description":"","publisher":{"@id":"https:\/\/www.sade-cgth.fr\/#organization"},"potentialAction":[{"@type":"SearchAction","target":{"@type":"EntryPoint","urlTemplate":"https:\/\/www.sade-cgth.fr\/?s={search_term_string}"},"query-input":{"@type":"PropertyValueSpecification","valueRequired":true,"valueName":"search_term_string"}}],"inLanguage":"es"},{"@type":"Organization","@id":"https:\/\/www.sade-cgth.fr\/#organization","name":"La SADE","url":"https:\/\/www.sade-cgth.fr\/","logo":{"@type":"ImageObject","inLanguage":"es","@id":"https:\/\/www.sade-cgth.fr\/#\/schema\/logo\/image\/","url":"https:\/\/www.sade-cgth.fr\/wp-content\/uploads\/2020\/06\/logo-la-sade.png","contentUrl":"https:\/\/www.sade-cgth.fr\/wp-content\/uploads\/2020\/06\/logo-la-sade.png","width":330,"height":144,"caption":"La SADE"},"image":{"@id":"https:\/\/www.sade-cgth.fr\/#\/schema\/logo\/image\/"},"sameAs":["https:\/\/x.com\/sadecgth","https:\/\/www.instagram.com\/sadecgth","https:\/\/fr.linkedin.com\/company\/sade","https:\/\/www.youtube.com\/channel\/UCt0AEHEpfgRE3pADxCZvXnQ"]},{"@type":"Person","@id":"https:\/\/www.sade-cgth.fr\/#\/schema\/person\/16b4998c2e208c46702b7f17ebd5c6c6","name":"laurieann","image":{"@type":"ImageObject","inLanguage":"es","@id":"https:\/\/www.sade-cgth.fr\/#\/schema\/person\/image\/","url":"https:\/\/secure.gravatar.com\/avatar\/c41d79d750f20704fe4ab5051a7097db?s=96&d=mm&r=g","contentUrl":"https:\/\/secure.gravatar.com\/avatar\/c41d79d750f20704fe4ab5051a7097db?s=96&d=mm&r=g","caption":"laurieann"}}]}},"_links":{"self":[{"href":"https:\/\/www.sade-cgth.fr\/es\/wp-json\/wp\/v2\/posts\/9358"}],"collection":[{"href":"https:\/\/www.sade-cgth.fr\/es\/wp-json\/wp\/v2\/posts"}],"about":[{"href":"https:\/\/www.sade-cgth.fr\/es\/wp-json\/wp\/v2\/types\/post"}],"author":[{"embeddable":true,"href":"https:\/\/www.sade-cgth.fr\/es\/wp-json\/wp\/v2\/users\/8"}],"replies":[{"embeddable":true,"href":"https:\/\/www.sade-cgth.fr\/es\/wp-json\/wp\/v2\/comments?post=9358"}],"version-history":[{"count":0,"href":"https:\/\/www.sade-cgth.fr\/es\/wp-json\/wp\/v2\/posts\/9358\/revisions"}],"wp:featuredmedia":[{"embeddable":true,"href":"https:\/\/www.sade-cgth.fr\/es\/wp-json\/wp\/v2\/media\/9361"}],"wp:attachment":[{"href":"https:\/\/www.sade-cgth.fr\/es\/wp-json\/wp\/v2\/media?parent=9358"}],"wp:term":[{"taxonomy":"category","embeddable":true,"href":"https:\/\/www.sade-cgth.fr\/es\/wp-json\/wp\/v2\/categories?post=9358"},{"taxonomy":"post_tag","embeddable":true,"href":"https:\/\/www.sade-cgth.fr\/es\/wp-json\/wp\/v2\/tags?post=9358"}],"curies":[{"name":"wp","href":"https:\/\/api.w.org\/{rel}","templated":true}]}}