{"id":9668,"date":"2020-01-14T15:00:11","date_gmt":"2020-01-14T14:00:11","guid":{"rendered":"https:\/\/www.sade-cgth.fr\/?p=9668"},"modified":"2021-05-27T14:23:02","modified_gmt":"2021-05-27T12:23:02","slug":"punto-final-al-lote-7-del-proyecto-kms-3-en-el-senegal","status":"publish","type":"post","link":"https:\/\/www.sade-cgth.fr\/es\/blog\/geographie-es\/europe-es\/punto-final-al-lote-7-del-proyecto-kms-3-en-el-senegal\/","title":{"rendered":"Punto final al lote 7 del proyecto KMS 3 en el Senegal"},"content":{"rendered":"<div class=\"wpb-content-wrapper\"><p>[vc_row][vc_column width=\u00bb2\/3&#8243;][vc_column_text css=\u00bb.vc_custom_1620737933628{margin-right: 20px !important;}\u00bb]<strong><span style=\"color: #999999;\">Despu\u00e9s de dos a\u00f1os de arduo trabajo, se han finalizado con \u00e9xito las pruebas de presi\u00f3n.<\/span><\/strong><\/p>\n<p>En septiembre de 2013, tras la grave crisis de abastecimiento de agua que asol\u00f3 la regi\u00f3n de Dakar, el Estado senegal\u00e9s puso en marcha un importante programa de obras para garantizar los centros neur\u00e1lgicos de abastecimiento de agua a Dakar. El proyecto KMS 3 forma parte de este programa.<\/p>\n<p>Entre agosto de 2017 y diciembre de 2019, SADE Senegal construy\u00f3 32 de los 213 kil\u00f3metros que interconectan la nueva planta de producci\u00f3n de agua potable de Keur Momar Sarr y Dakar.<\/p>\n<p>Cuando finalice la construcci\u00f3n de la nueva planta potabilizadora dentro de un a\u00f1o, esta tuber\u00eda transportar\u00e1 la mayor parte del agua potable que abastecer\u00e1 a la ciudad de Dakar y su \u00e1rea metropolitana (4 millones de habitantes).<\/p>\n<p>Este proyecto fue tambi\u00e9n una excelente oportunidad para confirmar la hist\u00f3rica sinergia entre las distintas entidades de SADE de la zona AMI: unos quince trabajadores de Sade de Burkina Faso ayudaron a los equipos senegaleses con la instalaci\u00f3n de esta tuber\u00eda.<\/p>\n<p>Tambi\u00e9n fue una obra remarcable desde el punto de vista de la RSE (Responsabilidad Social Empresarial), con la implementaci\u00f3n de compensaciones sociales y medioambientales: contrataci\u00f3n de personal local, instalaci\u00f3n de alcantarillas tubulares y plantaci\u00f3n de \u00e1rboles.<\/p>\n<p>Las concluyentes pruebas de presi\u00f3n pusieron el broche final a unas obras de una envergadura sin precedentes para SADE Senegal, que est\u00e1 especialmente orgullosa de haber contribuido a un proyecto de inter\u00e9s general para el pa\u00eds y para la poblaci\u00f3n de Dakar y los municipios vecinos.<\/p>\n<p>Les recordamos que este proyecto ha sido tambi\u00e9n la \u00faltima obra dirigida por Pascal Autin, un miembro destacado de nuestra empresa, y a quien mandamos un c\u00e1lido saludo desde aqu\u00ed.<\/p>\n<p>Felicitamos p\u00fablicamente a todos los equipos por esta magn\u00edfica referencia.[\/vc_column_text][vc_message style=\u00bbsquare\u00bb message_box_color=\u00bbwhite\u00bb css=\u00bb.vc_custom_1620737960559{margin-top: 20px !important;margin-right: 40px !important;background-color: #008bcb !important;}\u00bb]<\/p>\n<p class=\"widget-header__title\"><span style=\"color: #ffffff;\"><strong>Pero \u00bfen qu\u00e9 consiste exactamente KMS 3?<\/strong><\/span><\/p>\n<p><span style=\"color: #ffffff;\">KMS 3 es un proyecto estructural de la Sociedad Nacional de Agua de Senegal para el Estado de Senegal. Tras las plantas de agua KMS 1 y KMS 2, esta tercera planta tendr\u00e1 una capacidad de 200 000 m\u00b3 al d\u00eda y, para el a\u00f1o 2035, cubrir\u00e1 las necesidades de agua potable de la regi\u00f3n de Dakar y de las localidades que atraviesa el conducto del lago de Guiers.<\/span>[\/vc_message][\/vc_column][vc_column width=\u00bb1\/3&#8243;][vc_single_image image=\u00bb9687&#8243; img_size=\u00bbfull\u00bb css=\u00bb.vc_custom_1619183264478{margin-top: 30px !important;}\u00bb][vc_column_text css=\u00bb.vc_custom_1620738006176{margin-top: 20px !important;padding-top: 20px !important;padding-right: 30px !important;padding-bottom: 30px !important;padding-left: 30px !important;background-color: #008bcb !important;}\u00bb]<span style=\"color: #ffffff;\"><strong>Datos clave de la obra<\/strong><\/span><\/p>\n<ul>\n<li style=\"color: #ffffff;\"><span style=\"color: #ffffff;\">32 km<\/span><\/li>\n<li style=\"color: #ffffff;\"><span style=\"color: #ffffff;\">21 000 t de tuber\u00edas de fundici\u00f3n de 1100, 1200 y 1600 1200 mm de di\u00e1metro<\/span><\/li>\n<li style=\"color: #ffffff;\"><span style=\"color: #ffffff;\">Hasta 100 empleados de Sade en los periodos \u00e1lgidos de trabajo<\/span><\/li>\n<li style=\"color: #ffffff;\"><span style=\"color: #ffffff;\">2 intersecciones sensibles: la carretera nacional Dakar-St Louis y la l\u00ednea ferroviaria Dakar-Bamako<\/span><\/li>\n<\/ul>\n<p>[\/vc_column_text][\/vc_column][\/vc_row][vc_row][vc_column width=\u00bb2\/3&#8243; css=\u00bb.vc_custom_1598363171973{margin-top: 20px !important;}\u00bb][\/vc_column][vc_column width=\u00bb1\/3&#8243;][\/vc_column][\/vc_row]<\/p>\n<!-- WPMSNGI:: This input got made by wpms-network-global-inserts It is a WordPress Plugin, you will find your Plugins @ www.wordpress.org ... Information about the Plugin you will find @ www.ruben-storm.de Thank you for using this Plungin--><\/div>","protected":false},"excerpt":{"rendered":"[vc_row][vc_column width=\u00bb2\/3&#8243;][vc_column_text css=\u00bb.vc_custom_1620737933628{margin-right: 20px !important;}\u00bb]Despu\u00e9s de dos a\u00f1os de arduo trabajo, se han finalizado con \u00e9xito las pruebas de presi\u00f3n. En septiembre de 2013, tras la grave crisis de abastecimiento de agua que asol\u00f3 la regi\u00f3n de Dakar, el Estado senegal\u00e9s puso en marcha un importante programa de obras para garantizar los centros neur\u00e1lgicos de abastecimiento de agua a Dakar. El proyecto KMS 3 forma parte de este programa. Entre agosto de 2017 y diciembre de 2019, SADE Senegal construy\u00f3 32 de los 213 kil\u00f3metros que interconectan la nueva planta de producci\u00f3n de agua potable de Keur Momar Sarr y&#8230; <div class=\"liresuite\"><a class=\"view-article\" href=\"https:\/\/www.sade-cgth.fr\/es\/blog\/geographie-es\/europe-es\/punto-final-al-lote-7-del-proyecto-kms-3-en-el-senegal\/\">+<\/a><\/div>","protected":false},"author":8,"featured_media":9671,"comment_status":"closed","ping_status":"closed","sticky":false,"template":"","format":"standard","meta":{"footnotes":""},"categories":[62],"tags":[105],"class_list":["post-9668","post","type-post","status-publish","format-standard","has-post-thumbnail","hentry","category-europe-es","tag-senegal-es"],"yoast_head":"<!-- This site is optimized with the Yoast SEO plugin v24.6 - https:\/\/yoast.com\/wordpress\/plugins\/seo\/ -->\n<title>Punto final al lote 7 del proyecto KMS 3 en el Senegal - SADE<\/title>\n<meta name=\"robots\" content=\"index, follow, max-snippet:-1, max-image-preview:large, max-video-preview:-1\" \/>\n<link rel=\"canonical\" href=\"https:\/\/www.sade-cgth.fr\/es\/blog\/geographie-es\/europe-es\/punto-final-al-lote-7-del-proyecto-kms-3-en-el-senegal\/\" \/>\n<meta property=\"og:locale\" content=\"es_ES\" \/>\n<meta property=\"og:type\" content=\"article\" \/>\n<meta property=\"og:title\" content=\"Punto final al lote 7 del proyecto KMS 3 en el Senegal - SADE\" \/>\n<meta property=\"og:description\" content=\"[vc_row][vc_column width=\u00bb2\/3&#8243;][vc_column_text css=\u00bb.vc_custom_1620737933628{margin-right: 20px !important;}\u00bb]Despu\u00e9s de dos a\u00f1os de arduo trabajo, se han finalizado con \u00e9xito las pruebas de presi\u00f3n. En septiembre de 2013, tras la grave crisis de abastecimiento de agua que asol\u00f3 la regi\u00f3n de Dakar, el Estado senegal\u00e9s puso en marcha un importante programa de obras para garantizar los centros neur\u00e1lgicos de abastecimiento de agua a Dakar. El proyecto KMS 3 forma parte de este programa. Entre agosto de 2017 y diciembre de 2019, SADE Senegal construy\u00f3 32 de los 213 kil\u00f3metros que interconectan la nueva planta de producci\u00f3n de agua potable de Keur Momar Sarr y... +\" \/>\n<meta property=\"og:url\" content=\"https:\/\/www.sade-cgth.fr\/es\/blog\/geographie-es\/europe-es\/punto-final-al-lote-7-del-proyecto-kms-3-en-el-senegal\/\" \/>\n<meta property=\"og:site_name\" content=\"SADE\" \/>\n<meta property=\"article:published_time\" content=\"2020-01-14T14:00:11+00:00\" \/>\n<meta property=\"article:modified_time\" content=\"2021-05-27T12:23:02+00:00\" \/>\n<meta property=\"og:image\" content=\"https:\/\/www.sade-cgth.fr\/wp-content\/uploads\/2021\/04\/IMG-3527.jpg\" \/>\n\t<meta property=\"og:image:width\" content=\"1920\" \/>\n\t<meta property=\"og:image:height\" content=\"1280\" \/>\n\t<meta property=\"og:image:type\" content=\"image\/jpeg\" \/>\n<meta name=\"author\" content=\"laurieann\" \/>\n<meta name=\"twitter:card\" content=\"summary_large_image\" \/>\n<meta name=\"twitter:creator\" content=\"@sadecgth\" \/>\n<meta name=\"twitter:site\" content=\"@sadecgth\" \/>\n<meta name=\"twitter:label1\" content=\"Escrito por\" \/>\n\t<meta name=\"twitter:data1\" content=\"laurieann\" \/>\n\t<meta name=\"twitter:label2\" content=\"Tiempo de lectura\" \/>\n\t<meta name=\"twitter:data2\" content=\"3 minutos\" \/>\n<script type=\"application\/ld+json\" class=\"yoast-schema-graph\">{\"@context\":\"https:\/\/schema.org\",\"@graph\":[{\"@type\":\"Article\",\"@id\":\"https:\/\/www.sade-cgth.fr\/es\/blog\/geographie-es\/europe-es\/punto-final-al-lote-7-del-proyecto-kms-3-en-el-senegal\/#article\",\"isPartOf\":{\"@id\":\"https:\/\/www.sade-cgth.fr\/es\/blog\/geographie-es\/europe-es\/punto-final-al-lote-7-del-proyecto-kms-3-en-el-senegal\/\"},\"author\":{\"name\":\"laurieann\",\"@id\":\"https:\/\/www.sade-cgth.fr\/#\/schema\/person\/16b4998c2e208c46702b7f17ebd5c6c6\"},\"headline\":\"Punto final al lote 7 del proyecto KMS 3 en el Senegal\",\"datePublished\":\"2020-01-14T14:00:11+00:00\",\"dateModified\":\"2021-05-27T12:23:02+00:00\",\"mainEntityOfPage\":{\"@id\":\"https:\/\/www.sade-cgth.fr\/es\/blog\/geographie-es\/europe-es\/punto-final-al-lote-7-del-proyecto-kms-3-en-el-senegal\/\"},\"wordCount\":550,\"publisher\":{\"@id\":\"https:\/\/www.sade-cgth.fr\/#organization\"},\"image\":{\"@id\":\"https:\/\/www.sade-cgth.fr\/es\/blog\/geographie-es\/europe-es\/punto-final-al-lote-7-del-proyecto-kms-3-en-el-senegal\/#primaryimage\"},\"thumbnailUrl\":\"https:\/\/www.sade-cgth.fr\/wp-content\/uploads\/2021\/04\/IMG-3527.jpg\",\"keywords\":[\"S\u00e9n\u00e9gal\"],\"articleSection\":[\"Europa\"],\"inLanguage\":\"es\"},{\"@type\":\"WebPage\",\"@id\":\"https:\/\/www.sade-cgth.fr\/es\/blog\/geographie-es\/europe-es\/punto-final-al-lote-7-del-proyecto-kms-3-en-el-senegal\/\",\"url\":\"https:\/\/www.sade-cgth.fr\/es\/blog\/geographie-es\/europe-es\/punto-final-al-lote-7-del-proyecto-kms-3-en-el-senegal\/\",\"name\":\"Punto final al lote 7 del proyecto KMS 3 en el Senegal - SADE\",\"isPartOf\":{\"@id\":\"https:\/\/www.sade-cgth.fr\/#website\"},\"primaryImageOfPage\":{\"@id\":\"https:\/\/www.sade-cgth.fr\/es\/blog\/geographie-es\/europe-es\/punto-final-al-lote-7-del-proyecto-kms-3-en-el-senegal\/#primaryimage\"},\"image\":{\"@id\":\"https:\/\/www.sade-cgth.fr\/es\/blog\/geographie-es\/europe-es\/punto-final-al-lote-7-del-proyecto-kms-3-en-el-senegal\/#primaryimage\"},\"thumbnailUrl\":\"https:\/\/www.sade-cgth.fr\/wp-content\/uploads\/2021\/04\/IMG-3527.jpg\",\"datePublished\":\"2020-01-14T14:00:11+00:00\",\"dateModified\":\"2021-05-27T12:23:02+00:00\",\"breadcrumb\":{\"@id\":\"https:\/\/www.sade-cgth.fr\/es\/blog\/geographie-es\/europe-es\/punto-final-al-lote-7-del-proyecto-kms-3-en-el-senegal\/#breadcrumb\"},\"inLanguage\":\"es\",\"potentialAction\":[{\"@type\":\"ReadAction\",\"target\":[\"https:\/\/www.sade-cgth.fr\/es\/blog\/geographie-es\/europe-es\/punto-final-al-lote-7-del-proyecto-kms-3-en-el-senegal\/\"]}]},{\"@type\":\"ImageObject\",\"inLanguage\":\"es\",\"@id\":\"https:\/\/www.sade-cgth.fr\/es\/blog\/geographie-es\/europe-es\/punto-final-al-lote-7-del-proyecto-kms-3-en-el-senegal\/#primaryimage\",\"url\":\"https:\/\/www.sade-cgth.fr\/wp-content\/uploads\/2021\/04\/IMG-3527.jpg\",\"contentUrl\":\"https:\/\/www.sade-cgth.fr\/wp-content\/uploads\/2021\/04\/IMG-3527.jpg\",\"width\":1920,\"height\":1280},{\"@type\":\"BreadcrumbList\",\"@id\":\"https:\/\/www.sade-cgth.fr\/es\/blog\/geographie-es\/europe-es\/punto-final-al-lote-7-del-proyecto-kms-3-en-el-senegal\/#breadcrumb\",\"itemListElement\":[{\"@type\":\"ListItem\",\"position\":1,\"name\":\"Accueil\",\"item\":\"https:\/\/www.sade-cgth.fr\/es\/\"},{\"@type\":\"ListItem\",\"position\":2,\"name\":\"Punto final al lote 7 del proyecto KMS 3 en el Senegal\"}]},{\"@type\":\"WebSite\",\"@id\":\"https:\/\/www.sade-cgth.fr\/#website\",\"url\":\"https:\/\/www.sade-cgth.fr\/\",\"name\":\"SADE\",\"description\":\"\",\"publisher\":{\"@id\":\"https:\/\/www.sade-cgth.fr\/#organization\"},\"potentialAction\":[{\"@type\":\"SearchAction\",\"target\":{\"@type\":\"EntryPoint\",\"urlTemplate\":\"https:\/\/www.sade-cgth.fr\/?s={search_term_string}\"},\"query-input\":{\"@type\":\"PropertyValueSpecification\",\"valueRequired\":true,\"valueName\":\"search_term_string\"}}],\"inLanguage\":\"es\"},{\"@type\":\"Organization\",\"@id\":\"https:\/\/www.sade-cgth.fr\/#organization\",\"name\":\"La SADE\",\"url\":\"https:\/\/www.sade-cgth.fr\/\",\"logo\":{\"@type\":\"ImageObject\",\"inLanguage\":\"es\",\"@id\":\"https:\/\/www.sade-cgth.fr\/#\/schema\/logo\/image\/\",\"url\":\"https:\/\/www.sade-cgth.fr\/wp-content\/uploads\/2020\/06\/logo-la-sade.png\",\"contentUrl\":\"https:\/\/www.sade-cgth.fr\/wp-content\/uploads\/2020\/06\/logo-la-sade.png\",\"width\":330,\"height\":144,\"caption\":\"La SADE\"},\"image\":{\"@id\":\"https:\/\/www.sade-cgth.fr\/#\/schema\/logo\/image\/\"},\"sameAs\":[\"https:\/\/x.com\/sadecgth\",\"https:\/\/www.instagram.com\/sadecgth\",\"https:\/\/fr.linkedin.com\/company\/sade\",\"https:\/\/www.youtube.com\/channel\/UCt0AEHEpfgRE3pADxCZvXnQ\"]},{\"@type\":\"Person\",\"@id\":\"https:\/\/www.sade-cgth.fr\/#\/schema\/person\/16b4998c2e208c46702b7f17ebd5c6c6\",\"name\":\"laurieann\",\"image\":{\"@type\":\"ImageObject\",\"inLanguage\":\"es\",\"@id\":\"https:\/\/www.sade-cgth.fr\/#\/schema\/person\/image\/\",\"url\":\"https:\/\/secure.gravatar.com\/avatar\/c41d79d750f20704fe4ab5051a7097db?s=96&d=mm&r=g\",\"contentUrl\":\"https:\/\/secure.gravatar.com\/avatar\/c41d79d750f20704fe4ab5051a7097db?s=96&d=mm&r=g\",\"caption\":\"laurieann\"}}]}<\/script>\n<!-- \/ Yoast SEO plugin. -->","yoast_head_json":{"title":"Punto final al lote 7 del proyecto KMS 3 en el Senegal - SADE","robots":{"index":"index","follow":"follow","max-snippet":"max-snippet:-1","max-image-preview":"max-image-preview:large","max-video-preview":"max-video-preview:-1"},"canonical":"https:\/\/www.sade-cgth.fr\/es\/blog\/geographie-es\/europe-es\/punto-final-al-lote-7-del-proyecto-kms-3-en-el-senegal\/","og_locale":"es_ES","og_type":"article","og_title":"Punto final al lote 7 del proyecto KMS 3 en el Senegal - SADE","og_description":"[vc_row][vc_column width=\u00bb2\/3&#8243;][vc_column_text css=\u00bb.vc_custom_1620737933628{margin-right: 20px !important;}\u00bb]Despu\u00e9s de dos a\u00f1os de arduo trabajo, se han finalizado con \u00e9xito las pruebas de presi\u00f3n. En septiembre de 2013, tras la grave crisis de abastecimiento de agua que asol\u00f3 la regi\u00f3n de Dakar, el Estado senegal\u00e9s puso en marcha un importante programa de obras para garantizar los centros neur\u00e1lgicos de abastecimiento de agua a Dakar. El proyecto KMS 3 forma parte de este programa. Entre agosto de 2017 y diciembre de 2019, SADE Senegal construy\u00f3 32 de los 213 kil\u00f3metros que interconectan la nueva planta de producci\u00f3n de agua potable de Keur Momar Sarr y... +","og_url":"https:\/\/www.sade-cgth.fr\/es\/blog\/geographie-es\/europe-es\/punto-final-al-lote-7-del-proyecto-kms-3-en-el-senegal\/","og_site_name":"SADE","article_published_time":"2020-01-14T14:00:11+00:00","article_modified_time":"2021-05-27T12:23:02+00:00","og_image":[{"width":1920,"height":1280,"url":"https:\/\/www.sade-cgth.fr\/wp-content\/uploads\/2021\/04\/IMG-3527.jpg","type":"image\/jpeg"}],"author":"laurieann","twitter_card":"summary_large_image","twitter_creator":"@sadecgth","twitter_site":"@sadecgth","twitter_misc":{"Escrito por":"laurieann","Tiempo de lectura":"3 minutos"},"schema":{"@context":"https:\/\/schema.org","@graph":[{"@type":"Article","@id":"https:\/\/www.sade-cgth.fr\/es\/blog\/geographie-es\/europe-es\/punto-final-al-lote-7-del-proyecto-kms-3-en-el-senegal\/#article","isPartOf":{"@id":"https:\/\/www.sade-cgth.fr\/es\/blog\/geographie-es\/europe-es\/punto-final-al-lote-7-del-proyecto-kms-3-en-el-senegal\/"},"author":{"name":"laurieann","@id":"https:\/\/www.sade-cgth.fr\/#\/schema\/person\/16b4998c2e208c46702b7f17ebd5c6c6"},"headline":"Punto final al lote 7 del proyecto KMS 3 en el Senegal","datePublished":"2020-01-14T14:00:11+00:00","dateModified":"2021-05-27T12:23:02+00:00","mainEntityOfPage":{"@id":"https:\/\/www.sade-cgth.fr\/es\/blog\/geographie-es\/europe-es\/punto-final-al-lote-7-del-proyecto-kms-3-en-el-senegal\/"},"wordCount":550,"publisher":{"@id":"https:\/\/www.sade-cgth.fr\/#organization"},"image":{"@id":"https:\/\/www.sade-cgth.fr\/es\/blog\/geographie-es\/europe-es\/punto-final-al-lote-7-del-proyecto-kms-3-en-el-senegal\/#primaryimage"},"thumbnailUrl":"https:\/\/www.sade-cgth.fr\/wp-content\/uploads\/2021\/04\/IMG-3527.jpg","keywords":["S\u00e9n\u00e9gal"],"articleSection":["Europa"],"inLanguage":"es"},{"@type":"WebPage","@id":"https:\/\/www.sade-cgth.fr\/es\/blog\/geographie-es\/europe-es\/punto-final-al-lote-7-del-proyecto-kms-3-en-el-senegal\/","url":"https:\/\/www.sade-cgth.fr\/es\/blog\/geographie-es\/europe-es\/punto-final-al-lote-7-del-proyecto-kms-3-en-el-senegal\/","name":"Punto final al lote 7 del proyecto KMS 3 en el Senegal - SADE","isPartOf":{"@id":"https:\/\/www.sade-cgth.fr\/#website"},"primaryImageOfPage":{"@id":"https:\/\/www.sade-cgth.fr\/es\/blog\/geographie-es\/europe-es\/punto-final-al-lote-7-del-proyecto-kms-3-en-el-senegal\/#primaryimage"},"image":{"@id":"https:\/\/www.sade-cgth.fr\/es\/blog\/geographie-es\/europe-es\/punto-final-al-lote-7-del-proyecto-kms-3-en-el-senegal\/#primaryimage"},"thumbnailUrl":"https:\/\/www.sade-cgth.fr\/wp-content\/uploads\/2021\/04\/IMG-3527.jpg","datePublished":"2020-01-14T14:00:11+00:00","dateModified":"2021-05-27T12:23:02+00:00","breadcrumb":{"@id":"https:\/\/www.sade-cgth.fr\/es\/blog\/geographie-es\/europe-es\/punto-final-al-lote-7-del-proyecto-kms-3-en-el-senegal\/#breadcrumb"},"inLanguage":"es","potentialAction":[{"@type":"ReadAction","target":["https:\/\/www.sade-cgth.fr\/es\/blog\/geographie-es\/europe-es\/punto-final-al-lote-7-del-proyecto-kms-3-en-el-senegal\/"]}]},{"@type":"ImageObject","inLanguage":"es","@id":"https:\/\/www.sade-cgth.fr\/es\/blog\/geographie-es\/europe-es\/punto-final-al-lote-7-del-proyecto-kms-3-en-el-senegal\/#primaryimage","url":"https:\/\/www.sade-cgth.fr\/wp-content\/uploads\/2021\/04\/IMG-3527.jpg","contentUrl":"https:\/\/www.sade-cgth.fr\/wp-content\/uploads\/2021\/04\/IMG-3527.jpg","width":1920,"height":1280},{"@type":"BreadcrumbList","@id":"https:\/\/www.sade-cgth.fr\/es\/blog\/geographie-es\/europe-es\/punto-final-al-lote-7-del-proyecto-kms-3-en-el-senegal\/#breadcrumb","itemListElement":[{"@type":"ListItem","position":1,"name":"Accueil","item":"https:\/\/www.sade-cgth.fr\/es\/"},{"@type":"ListItem","position":2,"name":"Punto final al lote 7 del proyecto KMS 3 en el Senegal"}]},{"@type":"WebSite","@id":"https:\/\/www.sade-cgth.fr\/#website","url":"https:\/\/www.sade-cgth.fr\/","name":"SADE","description":"","publisher":{"@id":"https:\/\/www.sade-cgth.fr\/#organization"},"potentialAction":[{"@type":"SearchAction","target":{"@type":"EntryPoint","urlTemplate":"https:\/\/www.sade-cgth.fr\/?s={search_term_string}"},"query-input":{"@type":"PropertyValueSpecification","valueRequired":true,"valueName":"search_term_string"}}],"inLanguage":"es"},{"@type":"Organization","@id":"https:\/\/www.sade-cgth.fr\/#organization","name":"La SADE","url":"https:\/\/www.sade-cgth.fr\/","logo":{"@type":"ImageObject","inLanguage":"es","@id":"https:\/\/www.sade-cgth.fr\/#\/schema\/logo\/image\/","url":"https:\/\/www.sade-cgth.fr\/wp-content\/uploads\/2020\/06\/logo-la-sade.png","contentUrl":"https:\/\/www.sade-cgth.fr\/wp-content\/uploads\/2020\/06\/logo-la-sade.png","width":330,"height":144,"caption":"La SADE"},"image":{"@id":"https:\/\/www.sade-cgth.fr\/#\/schema\/logo\/image\/"},"sameAs":["https:\/\/x.com\/sadecgth","https:\/\/www.instagram.com\/sadecgth","https:\/\/fr.linkedin.com\/company\/sade","https:\/\/www.youtube.com\/channel\/UCt0AEHEpfgRE3pADxCZvXnQ"]},{"@type":"Person","@id":"https:\/\/www.sade-cgth.fr\/#\/schema\/person\/16b4998c2e208c46702b7f17ebd5c6c6","name":"laurieann","image":{"@type":"ImageObject","inLanguage":"es","@id":"https:\/\/www.sade-cgth.fr\/#\/schema\/person\/image\/","url":"https:\/\/secure.gravatar.com\/avatar\/c41d79d750f20704fe4ab5051a7097db?s=96&d=mm&r=g","contentUrl":"https:\/\/secure.gravatar.com\/avatar\/c41d79d750f20704fe4ab5051a7097db?s=96&d=mm&r=g","caption":"laurieann"}}]}},"_links":{"self":[{"href":"https:\/\/www.sade-cgth.fr\/es\/wp-json\/wp\/v2\/posts\/9668"}],"collection":[{"href":"https:\/\/www.sade-cgth.fr\/es\/wp-json\/wp\/v2\/posts"}],"about":[{"href":"https:\/\/www.sade-cgth.fr\/es\/wp-json\/wp\/v2\/types\/post"}],"author":[{"embeddable":true,"href":"https:\/\/www.sade-cgth.fr\/es\/wp-json\/wp\/v2\/users\/8"}],"replies":[{"embeddable":true,"href":"https:\/\/www.sade-cgth.fr\/es\/wp-json\/wp\/v2\/comments?post=9668"}],"version-history":[{"count":0,"href":"https:\/\/www.sade-cgth.fr\/es\/wp-json\/wp\/v2\/posts\/9668\/revisions"}],"wp:featuredmedia":[{"embeddable":true,"href":"https:\/\/www.sade-cgth.fr\/es\/wp-json\/wp\/v2\/media\/9671"}],"wp:attachment":[{"href":"https:\/\/www.sade-cgth.fr\/es\/wp-json\/wp\/v2\/media?parent=9668"}],"wp:term":[{"taxonomy":"category","embeddable":true,"href":"https:\/\/www.sade-cgth.fr\/es\/wp-json\/wp\/v2\/categories?post=9668"},{"taxonomy":"post_tag","embeddable":true,"href":"https:\/\/www.sade-cgth.fr\/es\/wp-json\/wp\/v2\/tags?post=9668"}],"curies":[{"name":"wp","href":"https:\/\/api.w.org\/{rel}","templated":true}]}}